{"id":1233,"date":"2022-11-14T15:41:47","date_gmt":"2022-11-14T15:41:47","guid":{"rendered":"https:\/\/lya.com.br\/noticias\/?p=1233"},"modified":"2022-11-14T15:41:47","modified_gmt":"2022-11-14T15:41:47","slug":"servico-de-carga-e-descarga-2","status":"publish","type":"post","link":"https:\/\/lya.com.br\/noticias\/2022\/11\/14\/servico-de-carga-e-descarga-2\/","title":{"rendered":"SERVI\u00c7O DE CARGA E DESCARGA"},"content":{"rendered":"<p>A carga e descarga de materiais \u00e9 uma etapa que tem rela\u00e7\u00e3o direta com a qualidade da entrega. Isso porque, o produto pode ser danificado ou quebrado quando ainda estiver no caminh\u00e3o sendo transportado ou mesmo no carrinho de carga e descarga.<\/p>\n<p>Por esta raz\u00e3o, o profissional que auxilia neste procedimento deve estar atento para realiz\u00e1-lo, e assim manter o produto intacto.<br \/>\nAqui na Lya Servi\u00e7os Especializados oferecemos solu\u00e7\u00f5es log\u00edsticas, como o servi\u00e7o de carga e descarga, al\u00e9m de uma gama de outras atividades terceirizadas a fim de oferecer uma maior tranquilidade, qualidade e efetividade aos nossos clientes.<\/p>\n<p>Acesse nosso site e conhe\u00e7a mais sobre n\u00f3s:<br \/>\nwww.lya.com.br<br \/>\natendimento@lya.com.br<br \/>\n(16) 3624-0740<br \/>\n(16) 3624-0856<br \/>\nR. Maria da Gl\u00f3ria M. Sant`anna, 430 &#8211; Ribeir\u00e2nia, Ribeir\u00e3o Preto &#8211; SP.<\/p>\n","protected":false},"excerpt":{"rendered":"<p>A carga e descarga de materiais \u00e9 uma etapa que tem rela\u00e7\u00e3o direta com a qualidade da entrega. Isso porque, o produto pode ser danificado ou quebrado quando ainda estiver no caminh\u00e3o sendo transportado ou mesmo no carrinho de carga e descarga.<\/p>\n","protected":false},"author":2,"featured_media":1234,"comment_status":"closed","ping_status":"open","sticky":false,"template":"","format":"standard","meta":{"_et_pb_use_builder":"","_et_pb_old_content":"","_et_gb_content_width":"","footnotes":""},"categories":[1],"tags":[],"class_list":["post-1233","post","type-post","status-publish","format-standard","has-post-thumbnail","hentry","category-lya-noticias"],"_links":{"self":[{"href":"https:\/\/lya.com.br\/noticias\/wp-json\/wp\/v2\/posts\/1233","targetHints":{"allow":["GET"]}}],"collection":[{"href":"https:\/\/lya.com.br\/noticias\/wp-json\/wp\/v2\/posts"}],"about":[{"href":"https:\/\/lya.com.br\/noticias\/wp-json\/wp\/v2\/types\/post"}],"author":[{"embeddable":true,"href":"https:\/\/lya.com.br\/noticias\/wp-json\/wp\/v2\/users\/2"}],"replies":[{"embeddable":true,"href":"https:\/\/lya.com.br\/noticias\/wp-json\/wp\/v2\/comments?post=1233"}],"version-history":[{"count":1,"href":"https:\/\/lya.com.br\/noticias\/wp-json\/wp\/v2\/posts\/1233\/revisions"}],"predecessor-version":[{"id":1235,"href":"https:\/\/lya.com.br\/noticias\/wp-json\/wp\/v2\/posts\/1233\/revisions\/1235"}],"wp:featuredmedia":[{"embeddable":true,"href":"https:\/\/lya.com.br\/noticias\/wp-json\/wp\/v2\/media\/1234"}],"wp:attachment":[{"href":"https:\/\/lya.com.br\/noticias\/wp-json\/wp\/v2\/media?parent=1233"}],"wp:term":[{"taxonomy":"category","embeddable":true,"href":"https:\/\/lya.com.br\/noticias\/wp-json\/wp\/v2\/categories?post=1233"},{"taxonomy":"post_tag","embeddable":true,"href":"https:\/\/lya.com.br\/noticias\/wp-json\/wp\/v2\/tags?post=1233"}],"curies":[{"name":"wp","href":"https:\/\/api.w.org\/{rel}","templated":true}]}}