{"id":1247,"date":"2022-11-19T17:41:27","date_gmt":"2022-11-19T17:41:27","guid":{"rendered":"https:\/\/lya.com.br\/noticias\/?p=1247"},"modified":"2022-11-19T17:48:32","modified_gmt":"2022-11-19T17:48:32","slug":"19-de-novembro-dia-da-bandeira","status":"publish","type":"post","link":"https:\/\/lya.com.br\/noticias\/2022\/11\/19\/19-de-novembro-dia-da-bandeira\/","title":{"rendered":"19 DE NOVEMBRO &#8211; DIA DA BANDEIRA"},"content":{"rendered":"<div class=\"x11i5rnm xat24cr x1mh8g0r x1vvkbs xdj266r x126k92a\">\n<div dir=\"auto\">19 de Novembro<\/div>\n<div dir=\"auto\">DIA DA BANDEIRA &#8211; S\u00cdMBOLO NACIONAL E DE NOSSA LIBERDADE<\/div>\n<\/div>\n<div class=\"x11i5rnm xat24cr x1mh8g0r x1vvkbs xtlvy1s x126k92a\">\n<div dir=\"auto\">Em homenagem ao s\u00edmbolo m\u00e1ximo da p\u00e1tria brasileira, neste dia 19 de novembro \u00e9 celebrado o Dia da Bandeira. Uma importante data para relembrarmos e fortalecermos a uni\u00e3o do nosso povo, recordando tamb\u00e9m da hist\u00f3ria e das conquistas dessa nossa querida Na\u00e7\u00e3o.<\/div>\n<\/div>\n<div class=\"x11i5rnm xat24cr x1mh8g0r x1vvkbs xtlvy1s x126k92a\">\n<div dir=\"auto\">Acesse nosso site e conhe\u00e7a mais sobre n\u00f3s:<\/div>\n<div dir=\"auto\">\n<p><a class=\"x1i10hfl xjbqb8w x6umtig x1b1mbwd xaqea5y xav7gou x9f619 x1ypdohk xt0psk2 xe8uvvx xdj266r x11i5rnm xat24cr x1mh8g0r xexx8yu x4uap5 x18d9i69 xkhd6sd x16tdsg8 x1hl2dhg xggy1nq x1a2a7pz xt0b8zv x1fey0fg\" tabindex=\"0\" role=\"link\" href=\"http:\/\/www.lya.com.br\/?fbclid=IwAR2vDl6yBglWiBUJlwq2dHk4-RVWmJXlrhYrA9QHop3dcZZHjLoyFuc4UO4\" target=\"_blank\" rel=\"nofollow noopener\">www.lya.com.br<\/a><\/p>\n<div>\n<div id=\"0DE9E47C-871A-4F90-8440-B190C216800A_5\" class=\"mcafee_ok\" tabindex=\"0\"><\/div>\n<\/div>\n<\/div>\n<div dir=\"auto\">atendimento@lya.com.br<\/div>\n<div dir=\"auto\">(16) 3624-0740<\/div>\n<div dir=\"auto\">(16) 3624-0856<\/div>\n<div dir=\"auto\">R. Maria da Gl\u00f3ria M. Sant`anna, 430 &#8211; Ribeir\u00e2nia, Ribeir\u00e3o Preto &#8211; SP.<\/div>\n<\/div>\n","protected":false},"excerpt":{"rendered":"<p>19 de Novembro<br \/>\nDIA DA BANDEIRA &#8211; S\u00cdMBOLO NACIONAL  E DE NOSSA LIBERDADE<\/p>\n","protected":false},"author":2,"featured_media":1253,"comment_status":"closed","ping_status":"open","sticky":false,"template":"","format":"standard","meta":{"_et_pb_use_builder":"","_et_pb_old_content":"","_et_gb_content_width":"","footnotes":""},"categories":[1],"tags":[],"class_list":["post-1247","post","type-post","status-publish","format-standard","has-post-thumbnail","hentry","category-lya-noticias"],"_links":{"self":[{"href":"https:\/\/lya.com.br\/noticias\/wp-json\/wp\/v2\/posts\/1247","targetHints":{"allow":["GET"]}}],"collection":[{"href":"https:\/\/lya.com.br\/noticias\/wp-json\/wp\/v2\/posts"}],"about":[{"href":"https:\/\/lya.com.br\/noticias\/wp-json\/wp\/v2\/types\/post"}],"author":[{"embeddable":true,"href":"https:\/\/lya.com.br\/noticias\/wp-json\/wp\/v2\/users\/2"}],"replies":[{"embeddable":true,"href":"https:\/\/lya.com.br\/noticias\/wp-json\/wp\/v2\/comments?post=1247"}],"version-history":[{"count":5,"href":"https:\/\/lya.com.br\/noticias\/wp-json\/wp\/v2\/posts\/1247\/revisions"}],"predecessor-version":[{"id":1254,"href":"https:\/\/lya.com.br\/noticias\/wp-json\/wp\/v2\/posts\/1247\/revisions\/1254"}],"wp:featuredmedia":[{"embeddable":true,"href":"https:\/\/lya.com.br\/noticias\/wp-json\/wp\/v2\/media\/1253"}],"wp:attachment":[{"href":"https:\/\/lya.com.br\/noticias\/wp-json\/wp\/v2\/media?parent=1247"}],"wp:term":[{"taxonomy":"category","embeddable":true,"href":"https:\/\/lya.com.br\/noticias\/wp-json\/wp\/v2\/categories?post=1247"},{"taxonomy":"post_tag","embeddable":true,"href":"https:\/\/lya.com.br\/noticias\/wp-json\/wp\/v2\/tags?post=1247"}],"curies":[{"name":"wp","href":"https:\/\/api.w.org\/{rel}","templated":true}]}}