{"id":1281,"date":"2022-12-14T19:41:06","date_gmt":"2022-12-14T19:41:06","guid":{"rendered":"https:\/\/lya.com.br\/noticias\/?p=1281"},"modified":"2022-12-14T19:41:06","modified_gmt":"2022-12-14T19:41:06","slug":"dezembro-laranja-2","status":"publish","type":"post","link":"https:\/\/lya.com.br\/noticias\/2022\/12\/14\/dezembro-laranja-2\/","title":{"rendered":"DEZEMBRO LARANJA"},"content":{"rendered":"<p>O Dezembro Laranja \u00e9 o m\u00eas de preven\u00e7\u00e3o ao c\u00e2ncer de pele. A campanha tem como objetivo conscientizar a popula\u00e7\u00e3o sobre os cuidados que se deve ter com a pele, os riscos que a doen\u00e7a traz e a import\u00e2ncia do diagn\u00f3stico precoce para evitar danos maiores. Cuide-se nesse ver\u00e3o!<\/p>\n<p>A Lya Servi\u00e7os Especializados apoia esta causa.\ud83c\udf97\ufe0f\ud83c\udf97\ufe0f\ud83c\udf97\ufe0f<\/p>\n<p>Acesse nosso site e conhe\u00e7a mais sobre n\u00f3s:<br \/>\nwww.lya.com.br<br \/>\natendimento@lya.com.br<br \/>\n(16) 3624-0740<br \/>\n(16) 3624-0856<br \/>\nR. Maria da Gl\u00f3ria M. Sant`anna, 430 &#8211; Ribeir\u00e2nia, Ribeir\u00e3o Preto &#8211; SP.<\/p>\n","protected":false},"excerpt":{"rendered":"<p>O Dezembro Laranja \u00e9 o m\u00eas de preven\u00e7\u00e3o ao c\u00e2ncer de pele.<\/p>\n","protected":false},"author":2,"featured_media":1282,"comment_status":"closed","ping_status":"open","sticky":false,"template":"","format":"standard","meta":{"_et_pb_use_builder":"","_et_pb_old_content":"","_et_gb_content_width":"","footnotes":""},"categories":[1],"tags":[],"class_list":["post-1281","post","type-post","status-publish","format-standard","has-post-thumbnail","hentry","category-lya-noticias"],"_links":{"self":[{"href":"https:\/\/lya.com.br\/noticias\/wp-json\/wp\/v2\/posts\/1281","targetHints":{"allow":["GET"]}}],"collection":[{"href":"https:\/\/lya.com.br\/noticias\/wp-json\/wp\/v2\/posts"}],"about":[{"href":"https:\/\/lya.com.br\/noticias\/wp-json\/wp\/v2\/types\/post"}],"author":[{"embeddable":true,"href":"https:\/\/lya.com.br\/noticias\/wp-json\/wp\/v2\/users\/2"}],"replies":[{"embeddable":true,"href":"https:\/\/lya.com.br\/noticias\/wp-json\/wp\/v2\/comments?post=1281"}],"version-history":[{"count":1,"href":"https:\/\/lya.com.br\/noticias\/wp-json\/wp\/v2\/posts\/1281\/revisions"}],"predecessor-version":[{"id":1283,"href":"https:\/\/lya.com.br\/noticias\/wp-json\/wp\/v2\/posts\/1281\/revisions\/1283"}],"wp:featuredmedia":[{"embeddable":true,"href":"https:\/\/lya.com.br\/noticias\/wp-json\/wp\/v2\/media\/1282"}],"wp:attachment":[{"href":"https:\/\/lya.com.br\/noticias\/wp-json\/wp\/v2\/media?parent=1281"}],"wp:term":[{"taxonomy":"category","embeddable":true,"href":"https:\/\/lya.com.br\/noticias\/wp-json\/wp\/v2\/categories?post=1281"},{"taxonomy":"post_tag","embeddable":true,"href":"https:\/\/lya.com.br\/noticias\/wp-json\/wp\/v2\/tags?post=1281"}],"curies":[{"name":"wp","href":"https:\/\/api.w.org\/{rel}","templated":true}]}}