{"id":1323,"date":"2023-01-06T16:52:48","date_gmt":"2023-01-06T16:52:48","guid":{"rendered":"https:\/\/lya.com.br\/noticias\/?p=1323"},"modified":"2023-01-06T16:53:13","modified_gmt":"2023-01-06T16:53:13","slug":"janeiro-branco-2","status":"publish","type":"post","link":"https:\/\/lya.com.br\/noticias\/2023\/01\/06\/janeiro-branco-2\/","title":{"rendered":"JANEIRO BRANCO"},"content":{"rendered":"<p>O Janeiro Branco \u00e9 uma campanha que busca chamar a aten\u00e7\u00e3o para o tema da sa\u00fade mental na vida das pessoas. O m\u00eas de janeiro foi escolhido por ser o m\u00eas das revis\u00f5es pessoais e do replanejamento de vida.<\/p>\n<p>Neste m\u00eas precisamos, mais do que nunca, deixar claro que a Sa\u00fade Mental \u00e9 t\u00e3o importante quanto a sa\u00fade do nosso corpo, pois, o nosso corpo \u00e9 a nossa MENTE.<\/p>\n<p>Janeiro \u00e9 o m\u00eas do recome\u00e7o. M\u00eas de pensar sobre nossas vidas, nossas rela\u00e7\u00f5es sociais, nosso senso de ser, nossas metas, nossas expectativas e a esperan\u00e7a de um ano melhor. Ent\u00e3o, aproveite sua \u201ctela em branco\u201d. Que tal come\u00e7ar o ano cuidando da sua sa\u00fade mental?<br \/>\nPriorize sua sa\u00fade mental, isso n\u00e3o \u00e9 ego\u00edsmo.<\/p>\n<p>A Lya Servi\u00e7os Especializados apoia essa causa\ud83c\udf97\ufe0f!<\/p>\n","protected":false},"excerpt":{"rendered":"<p>O Janeiro Branco \u00e9 uma campanha que busca chamar a aten\u00e7\u00e3o para o tema da sa\u00fade mental na vida das pessoas.<\/p>\n","protected":false},"author":2,"featured_media":1324,"comment_status":"closed","ping_status":"open","sticky":false,"template":"","format":"standard","meta":{"_et_pb_use_builder":"","_et_pb_old_content":"","_et_gb_content_width":"","footnotes":""},"categories":[1],"tags":[],"class_list":["post-1323","post","type-post","status-publish","format-standard","has-post-thumbnail","hentry","category-lya-noticias"],"_links":{"self":[{"href":"https:\/\/lya.com.br\/noticias\/wp-json\/wp\/v2\/posts\/1323","targetHints":{"allow":["GET"]}}],"collection":[{"href":"https:\/\/lya.com.br\/noticias\/wp-json\/wp\/v2\/posts"}],"about":[{"href":"https:\/\/lya.com.br\/noticias\/wp-json\/wp\/v2\/types\/post"}],"author":[{"embeddable":true,"href":"https:\/\/lya.com.br\/noticias\/wp-json\/wp\/v2\/users\/2"}],"replies":[{"embeddable":true,"href":"https:\/\/lya.com.br\/noticias\/wp-json\/wp\/v2\/comments?post=1323"}],"version-history":[{"count":1,"href":"https:\/\/lya.com.br\/noticias\/wp-json\/wp\/v2\/posts\/1323\/revisions"}],"predecessor-version":[{"id":1325,"href":"https:\/\/lya.com.br\/noticias\/wp-json\/wp\/v2\/posts\/1323\/revisions\/1325"}],"wp:featuredmedia":[{"embeddable":true,"href":"https:\/\/lya.com.br\/noticias\/wp-json\/wp\/v2\/media\/1324"}],"wp:attachment":[{"href":"https:\/\/lya.com.br\/noticias\/wp-json\/wp\/v2\/media?parent=1323"}],"wp:term":[{"taxonomy":"category","embeddable":true,"href":"https:\/\/lya.com.br\/noticias\/wp-json\/wp\/v2\/categories?post=1323"},{"taxonomy":"post_tag","embeddable":true,"href":"https:\/\/lya.com.br\/noticias\/wp-json\/wp\/v2\/tags?post=1323"}],"curies":[{"name":"wp","href":"https:\/\/api.w.org\/{rel}","templated":true}]}}