{"id":1357,"date":"2023-01-26T21:26:53","date_gmt":"2023-01-26T21:26:53","guid":{"rendered":"https:\/\/lya.com.br\/noticias\/?p=1357"},"modified":"2023-01-26T21:26:53","modified_gmt":"2023-01-26T21:26:53","slug":"dicas-para-cuidar-do-jardim-da-sua-empresa","status":"publish","type":"post","link":"https:\/\/lya.com.br\/noticias\/2023\/01\/26\/dicas-para-cuidar-do-jardim-da-sua-empresa\/","title":{"rendered":"DICAS PARA CUIDAR DO JARDIM DA SUA EMPRESA!"},"content":{"rendered":"<p>Dicas para cuidar do jardim da sua empresa!<\/p>\n<p>&#8211; Limpeza regular: remova folhas, galhos ca\u00eddos e detritos. Al\u00e9m de melhorar a est\u00e9tica, esse h\u00e1bito evita o surgimento de insetos;<br \/>\n&#8211; Remova ervas daninhas: use arrancadores pr\u00f3prios para ervas daninhas, assim suas plantas crescer\u00e3o saud\u00e1veis;<br \/>\n&#8211; Pode as \u00e1rvores: especialmente frut\u00edferas, precisam poda e da remo\u00e7\u00e3o de ramos mortos regularmente;<br \/>\n&#8211; Cuide do gramado: apare o gramado regularmente, pois grama alta interfere negativamente no crescimento das demais plantas.<\/p>\n<p>Acesse nosso site e conhe\u00e7a mais sobre n\u00f3s:<br \/>\nwww.lya.com.br<br \/>\natendimento@lya.com.br<br \/>\n(16) 3624-0740<br \/>\n(16) 3624-0856<br \/>\nR. Maria da Gl\u00f3ria M. Sant`anna, 430 &#8211; Ribeir\u00e2nia, Ribeir\u00e3o Preto &#8211; SP.<\/p>\n","protected":false},"excerpt":{"rendered":"<p>Dicas para cuidar do jardim da sua empresa!<\/p>\n","protected":false},"author":2,"featured_media":1358,"comment_status":"closed","ping_status":"open","sticky":false,"template":"","format":"standard","meta":{"_et_pb_use_builder":"","_et_pb_old_content":"","_et_gb_content_width":"","footnotes":""},"categories":[1],"tags":[],"class_list":["post-1357","post","type-post","status-publish","format-standard","has-post-thumbnail","hentry","category-lya-noticias"],"_links":{"self":[{"href":"https:\/\/lya.com.br\/noticias\/wp-json\/wp\/v2\/posts\/1357","targetHints":{"allow":["GET"]}}],"collection":[{"href":"https:\/\/lya.com.br\/noticias\/wp-json\/wp\/v2\/posts"}],"about":[{"href":"https:\/\/lya.com.br\/noticias\/wp-json\/wp\/v2\/types\/post"}],"author":[{"embeddable":true,"href":"https:\/\/lya.com.br\/noticias\/wp-json\/wp\/v2\/users\/2"}],"replies":[{"embeddable":true,"href":"https:\/\/lya.com.br\/noticias\/wp-json\/wp\/v2\/comments?post=1357"}],"version-history":[{"count":1,"href":"https:\/\/lya.com.br\/noticias\/wp-json\/wp\/v2\/posts\/1357\/revisions"}],"predecessor-version":[{"id":1359,"href":"https:\/\/lya.com.br\/noticias\/wp-json\/wp\/v2\/posts\/1357\/revisions\/1359"}],"wp:featuredmedia":[{"embeddable":true,"href":"https:\/\/lya.com.br\/noticias\/wp-json\/wp\/v2\/media\/1358"}],"wp:attachment":[{"href":"https:\/\/lya.com.br\/noticias\/wp-json\/wp\/v2\/media?parent=1357"}],"wp:term":[{"taxonomy":"category","embeddable":true,"href":"https:\/\/lya.com.br\/noticias\/wp-json\/wp\/v2\/categories?post=1357"},{"taxonomy":"post_tag","embeddable":true,"href":"https:\/\/lya.com.br\/noticias\/wp-json\/wp\/v2\/tags?post=1357"}],"curies":[{"name":"wp","href":"https:\/\/api.w.org\/{rel}","templated":true}]}}