{"id":1373,"date":"2023-02-04T18:04:58","date_gmt":"2023-02-04T18:04:58","guid":{"rendered":"https:\/\/lya.com.br\/noticias\/?p=1373"},"modified":"2023-02-04T18:04:58","modified_gmt":"2023-02-04T18:04:58","slug":"dia-mundial-do-cancer","status":"publish","type":"post","link":"https:\/\/lya.com.br\/noticias\/2023\/02\/04\/dia-mundial-do-cancer\/","title":{"rendered":"DIA MUNDIAL DO C\u00c2NCER"},"content":{"rendered":"<p>Dia mundial do combate ao c\u00e2ncer | 4 de fevereiro.<\/p>\n<p>FORTE \u00c9 QUEM SE CUIDA!<br \/>\nAdotar h\u00e1bitos saud\u00e1veis, evitando a exposi\u00e7\u00e3o a fatores de risco, \u00e9 a principal maneira de se prevenir contra o c\u00e2ncer e outras doen\u00e7as, como cardiovasculares, respirat\u00f3rias cr\u00f4nicas, renais e diabetes.<\/p>\n<p>Conhecer os fatores que aumentam as chances de desenvolver essas doen\u00e7as permite que as pessoas possam evit\u00e1-los, melhorando a qualidade de vida e reduzindo as chances de adoecer.<\/p>\n<p>Os principais fatores de risco s\u00e3o tabagismo, alimenta\u00e7\u00e3o n\u00e3o saud\u00e1vel e ingest\u00e3o de bebidas alco\u00f3licas. Radia\u00e7\u00e3o, infec\u00e7\u00f5es, exposi\u00e7\u00e3o ocupacional a agentes cancer\u00edgenos e sedentarismo tamb\u00e9m est\u00e3o relacionados ao c\u00e2ncer.<br \/>\nO diagn\u00f3stico precoce salva vidas!<br \/>\nN\u00f3s apoiamos essa causa. \ud83d\udc99\ud83d\ude4f\ud83c\udffb<\/p>\n<p>www.lya.com.br<br \/>\natendimento@lya.com.br<br \/>\n(16) 3624-0740<br \/>\n(16) 3624-0856<br \/>\nR. Maria da Gl\u00f3ria M. Sant`anna, 430 &#8211; Ribeir\u00e2nia, Ribeir\u00e3o Preto &#8211; SP<\/p>\n","protected":false},"excerpt":{"rendered":"<p>Dia mundial do combate ao c\u00e2ncer | 4 de fevereiro. <\/p>\n","protected":false},"author":2,"featured_media":1374,"comment_status":"closed","ping_status":"open","sticky":false,"template":"","format":"standard","meta":{"_et_pb_use_builder":"","_et_pb_old_content":"","_et_gb_content_width":"","footnotes":""},"categories":[1],"tags":[],"class_list":["post-1373","post","type-post","status-publish","format-standard","has-post-thumbnail","hentry","category-lya-noticias"],"_links":{"self":[{"href":"https:\/\/lya.com.br\/noticias\/wp-json\/wp\/v2\/posts\/1373","targetHints":{"allow":["GET"]}}],"collection":[{"href":"https:\/\/lya.com.br\/noticias\/wp-json\/wp\/v2\/posts"}],"about":[{"href":"https:\/\/lya.com.br\/noticias\/wp-json\/wp\/v2\/types\/post"}],"author":[{"embeddable":true,"href":"https:\/\/lya.com.br\/noticias\/wp-json\/wp\/v2\/users\/2"}],"replies":[{"embeddable":true,"href":"https:\/\/lya.com.br\/noticias\/wp-json\/wp\/v2\/comments?post=1373"}],"version-history":[{"count":1,"href":"https:\/\/lya.com.br\/noticias\/wp-json\/wp\/v2\/posts\/1373\/revisions"}],"predecessor-version":[{"id":1375,"href":"https:\/\/lya.com.br\/noticias\/wp-json\/wp\/v2\/posts\/1373\/revisions\/1375"}],"wp:featuredmedia":[{"embeddable":true,"href":"https:\/\/lya.com.br\/noticias\/wp-json\/wp\/v2\/media\/1374"}],"wp:attachment":[{"href":"https:\/\/lya.com.br\/noticias\/wp-json\/wp\/v2\/media?parent=1373"}],"wp:term":[{"taxonomy":"category","embeddable":true,"href":"https:\/\/lya.com.br\/noticias\/wp-json\/wp\/v2\/categories?post=1373"},{"taxonomy":"post_tag","embeddable":true,"href":"https:\/\/lya.com.br\/noticias\/wp-json\/wp\/v2\/tags?post=1373"}],"curies":[{"name":"wp","href":"https:\/\/api.w.org\/{rel}","templated":true}]}}