{"id":1397,"date":"2023-02-17T22:39:39","date_gmt":"2023-02-17T22:39:39","guid":{"rendered":"https:\/\/lya.com.br\/noticias\/?p=1397"},"modified":"2023-02-17T22:39:39","modified_gmt":"2023-02-17T22:39:39","slug":"intervalo-para-descanso-e-intervalo-para-almoco-existe-diferenca-entre-eles","status":"publish","type":"post","link":"https:\/\/lya.com.br\/noticias\/2023\/02\/17\/intervalo-para-descanso-e-intervalo-para-almoco-existe-diferenca-entre-eles\/","title":{"rendered":"INTERVALO PARA DESCANSO E INTERVALO PARA ALMO\u00c7O: EXISTE DIFEREN\u00c7A ENTRE ELES?"},"content":{"rendered":"<p>Em regra, os colaboradores que trabalham sob o regime da Consolida\u00e7\u00e3o das Leis do Trabalho (CLT) t\u00eam direito aos intervalos para descanso e almo\u00e7o. Por\u00e9m, a partir de 6 horas.<\/p>\n<p>Voc\u00ea sabe se existe diferen\u00e7a entre eles? Confira:<\/p>\n<p>O intervalo para descanso \u00e9 aquele que ocorre durante a jornada de trabalho do colaborador, sendo um per\u00edodo de tempo previamente estipulado no momento da contrata\u00e7\u00e3o, ou seja, \u00e9 para que o funcion\u00e1rio consiga dar uma pausa em seu servi\u00e7o para relaxar. \ud83d\ude09<\/p>\n<p>O intervalo para almo\u00e7o \u00e9 o mesmo que o de descanso. Por\u00e9m, \u00e9 conhecido por esse nome, pois normalmente \u00e9 usado para fazer alguma refei\u00e7\u00e3o.<\/p>\n<p>Acesse nosso site e conhe\u00e7a mais sobre n\u00f3s:<br \/>\nwww.lya.com.br<br \/>\natendimento@lya.com.br<br \/>\n(16) 3624-0740<br \/>\n(16) 3624-0856<br \/>\nR. Maria da Gl\u00f3ria M. Sant`anna, 430 &#8211; Ribeir\u00e2nia, Ribeir\u00e3o Preto &#8211; SP.<\/p>\n","protected":false},"excerpt":{"rendered":"<p>Em regra, os colaboradores que trabalham sob o regime da Consolida\u00e7\u00e3o das Leis do Trabalho (CLT) t\u00eam direito aos intervalos para descanso e almo\u00e7o. Por\u00e9m, a partir de 6 horas.<\/p>\n","protected":false},"author":2,"featured_media":1398,"comment_status":"closed","ping_status":"open","sticky":false,"template":"","format":"standard","meta":{"_et_pb_use_builder":"","_et_pb_old_content":"","_et_gb_content_width":"","footnotes":""},"categories":[1],"tags":[],"class_list":["post-1397","post","type-post","status-publish","format-standard","has-post-thumbnail","hentry","category-lya-noticias"],"_links":{"self":[{"href":"https:\/\/lya.com.br\/noticias\/wp-json\/wp\/v2\/posts\/1397","targetHints":{"allow":["GET"]}}],"collection":[{"href":"https:\/\/lya.com.br\/noticias\/wp-json\/wp\/v2\/posts"}],"about":[{"href":"https:\/\/lya.com.br\/noticias\/wp-json\/wp\/v2\/types\/post"}],"author":[{"embeddable":true,"href":"https:\/\/lya.com.br\/noticias\/wp-json\/wp\/v2\/users\/2"}],"replies":[{"embeddable":true,"href":"https:\/\/lya.com.br\/noticias\/wp-json\/wp\/v2\/comments?post=1397"}],"version-history":[{"count":1,"href":"https:\/\/lya.com.br\/noticias\/wp-json\/wp\/v2\/posts\/1397\/revisions"}],"predecessor-version":[{"id":1399,"href":"https:\/\/lya.com.br\/noticias\/wp-json\/wp\/v2\/posts\/1397\/revisions\/1399"}],"wp:featuredmedia":[{"embeddable":true,"href":"https:\/\/lya.com.br\/noticias\/wp-json\/wp\/v2\/media\/1398"}],"wp:attachment":[{"href":"https:\/\/lya.com.br\/noticias\/wp-json\/wp\/v2\/media?parent=1397"}],"wp:term":[{"taxonomy":"category","embeddable":true,"href":"https:\/\/lya.com.br\/noticias\/wp-json\/wp\/v2\/categories?post=1397"},{"taxonomy":"post_tag","embeddable":true,"href":"https:\/\/lya.com.br\/noticias\/wp-json\/wp\/v2\/tags?post=1397"}],"curies":[{"name":"wp","href":"https:\/\/api.w.org\/{rel}","templated":true}]}}