{"id":1544,"date":"2023-05-24T12:36:09","date_gmt":"2023-05-24T12:36:09","guid":{"rendered":"https:\/\/lya.com.br\/noticias\/?p=1544"},"modified":"2023-05-24T12:36:09","modified_gmt":"2023-05-24T12:36:09","slug":"gerente-de-logistica","status":"publish","type":"post","link":"https:\/\/lya.com.br\/noticias\/2023\/05\/24\/gerente-de-logistica\/","title":{"rendered":"GERENTE DE LOG\u00cdSTICA"},"content":{"rendered":"<p>As responsabilidades do Gerente de Log\u00edstica incluem organizar e monitorar o armazenamento e a distribui\u00e7\u00e3o de mercadorias. O objetivo \u00e9 gerenciar o ciclo completo de pedidos para aprimorar o desenvolvimento dos neg\u00f3cios e garantir a sustentabilidade e a satisfa\u00e7\u00e3o do cliente.<\/p>\n<p>Entre em contato conosco ou acesse nosso site:<br \/>\nwww.lya.com.br<br \/>\natendimento@lya.com.br<br \/>\n(16) 3624-0740<br \/>\n(16) 3624-0856<br \/>\nR. Maria da Gl\u00f3ria M. Sant`anna, 430 &#8211; Ribeir\u00e2nia, Ribeir\u00e3o Preto &#8211; SP.<\/p>\n","protected":false},"excerpt":{"rendered":"<p>As responsabilidades do Gerente de Log\u00edstica incluem organizar e monitorar o armazenamento e a distribui\u00e7\u00e3o de mercadorias. O objetivo \u00e9 gerenciar o ciclo completo de pedidos para aprimorar o desenvolvimento dos neg\u00f3cios e garantir a sustentabilidade e a satisfa\u00e7\u00e3o do cliente.<\/p>\n","protected":false},"author":2,"featured_media":1545,"comment_status":"closed","ping_status":"open","sticky":false,"template":"","format":"standard","meta":{"_et_pb_use_builder":"","_et_pb_old_content":"","_et_gb_content_width":"","footnotes":""},"categories":[1],"tags":[],"class_list":["post-1544","post","type-post","status-publish","format-standard","has-post-thumbnail","hentry","category-lya-noticias"],"_links":{"self":[{"href":"https:\/\/lya.com.br\/noticias\/wp-json\/wp\/v2\/posts\/1544","targetHints":{"allow":["GET"]}}],"collection":[{"href":"https:\/\/lya.com.br\/noticias\/wp-json\/wp\/v2\/posts"}],"about":[{"href":"https:\/\/lya.com.br\/noticias\/wp-json\/wp\/v2\/types\/post"}],"author":[{"embeddable":true,"href":"https:\/\/lya.com.br\/noticias\/wp-json\/wp\/v2\/users\/2"}],"replies":[{"embeddable":true,"href":"https:\/\/lya.com.br\/noticias\/wp-json\/wp\/v2\/comments?post=1544"}],"version-history":[{"count":1,"href":"https:\/\/lya.com.br\/noticias\/wp-json\/wp\/v2\/posts\/1544\/revisions"}],"predecessor-version":[{"id":1546,"href":"https:\/\/lya.com.br\/noticias\/wp-json\/wp\/v2\/posts\/1544\/revisions\/1546"}],"wp:featuredmedia":[{"embeddable":true,"href":"https:\/\/lya.com.br\/noticias\/wp-json\/wp\/v2\/media\/1545"}],"wp:attachment":[{"href":"https:\/\/lya.com.br\/noticias\/wp-json\/wp\/v2\/media?parent=1544"}],"wp:term":[{"taxonomy":"category","embeddable":true,"href":"https:\/\/lya.com.br\/noticias\/wp-json\/wp\/v2\/categories?post=1544"},{"taxonomy":"post_tag","embeddable":true,"href":"https:\/\/lya.com.br\/noticias\/wp-json\/wp\/v2\/tags?post=1544"}],"curies":[{"name":"wp","href":"https:\/\/api.w.org\/{rel}","templated":true}]}}