{"id":1640,"date":"2023-07-17T22:27:35","date_gmt":"2023-07-17T22:27:35","guid":{"rendered":"https:\/\/lya.com.br\/noticias\/?p=1640"},"modified":"2023-07-17T22:27:35","modified_gmt":"2023-07-17T22:27:35","slug":"dia-da-protecao-as-florestas","status":"publish","type":"post","link":"https:\/\/lya.com.br\/noticias\/2023\/07\/17\/dia-da-protecao-as-florestas\/","title":{"rendered":"DIA DA PROTE\u00c7\u00c3O \u00c0S FLORESTAS"},"content":{"rendered":"<p>No Dia da Prote\u00e7\u00e3o \u00e0s Florestas, renovamos nosso compromisso com a preserva\u00e7\u00e3o ambiental! \ud83c\udf31<\/p>\n<p>Ao unir for\u00e7as e tomar medidas concretas, podemos fazer a diferen\u00e7a na preserva\u00e7\u00e3o ambiental e garantir um futuro sustent\u00e1vel para as gera\u00e7\u00f5es futuras.<\/p>\n","protected":false},"excerpt":{"rendered":"<p>No Dia da Prote\u00e7\u00e3o \u00e0s Florestas, renovamos nosso compromisso com a preserva\u00e7\u00e3o ambiental! \ud83c\udf31<\/p>\n","protected":false},"author":2,"featured_media":1641,"comment_status":"closed","ping_status":"open","sticky":false,"template":"","format":"standard","meta":{"_et_pb_use_builder":"","_et_pb_old_content":"","_et_gb_content_width":"","footnotes":""},"categories":[1],"tags":[],"class_list":["post-1640","post","type-post","status-publish","format-standard","has-post-thumbnail","hentry","category-lya-noticias"],"_links":{"self":[{"href":"https:\/\/lya.com.br\/noticias\/wp-json\/wp\/v2\/posts\/1640","targetHints":{"allow":["GET"]}}],"collection":[{"href":"https:\/\/lya.com.br\/noticias\/wp-json\/wp\/v2\/posts"}],"about":[{"href":"https:\/\/lya.com.br\/noticias\/wp-json\/wp\/v2\/types\/post"}],"author":[{"embeddable":true,"href":"https:\/\/lya.com.br\/noticias\/wp-json\/wp\/v2\/users\/2"}],"replies":[{"embeddable":true,"href":"https:\/\/lya.com.br\/noticias\/wp-json\/wp\/v2\/comments?post=1640"}],"version-history":[{"count":1,"href":"https:\/\/lya.com.br\/noticias\/wp-json\/wp\/v2\/posts\/1640\/revisions"}],"predecessor-version":[{"id":1642,"href":"https:\/\/lya.com.br\/noticias\/wp-json\/wp\/v2\/posts\/1640\/revisions\/1642"}],"wp:featuredmedia":[{"embeddable":true,"href":"https:\/\/lya.com.br\/noticias\/wp-json\/wp\/v2\/media\/1641"}],"wp:attachment":[{"href":"https:\/\/lya.com.br\/noticias\/wp-json\/wp\/v2\/media?parent=1640"}],"wp:term":[{"taxonomy":"category","embeddable":true,"href":"https:\/\/lya.com.br\/noticias\/wp-json\/wp\/v2\/categories?post=1640"},{"taxonomy":"post_tag","embeddable":true,"href":"https:\/\/lya.com.br\/noticias\/wp-json\/wp\/v2\/tags?post=1640"}],"curies":[{"name":"wp","href":"https:\/\/api.w.org\/{rel}","templated":true}]}}