{"id":1661,"date":"2023-08-04T12:19:46","date_gmt":"2023-08-04T12:19:46","guid":{"rendered":"https:\/\/lya.com.br\/noticias\/?p=1661"},"modified":"2023-08-04T12:21:12","modified_gmt":"2023-08-04T12:21:12","slug":"agosto-lilas-mes-de-conscientizacao-pelo-fim-da-violencia-contra-a-mulher","status":"publish","type":"post","link":"https:\/\/lya.com.br\/noticias\/2023\/08\/04\/agosto-lilas-mes-de-conscientizacao-pelo-fim-da-violencia-contra-a-mulher\/","title":{"rendered":"AGOSTO LIL\u00c1S &#8211; M\u00caS DE CONSCIENTIZA\u00c7\u00c3O PELO FIM DA VIOL\u00caNCIA CONTRA A MULHER"},"content":{"rendered":"<p>M\u00eas de conscientiza\u00e7\u00e3o pelo Fim da Viol\u00eancia Contra a Mulher<\/p>\n<p>Agosto Lil\u00e1s: um m\u00eas de conscientiza\u00e7\u00e3o, empoderamento e uni\u00e3o contra a viol\u00eancia dom\u00e9stica e a favor da igualdade de g\u00eanero. Juntos, podemos pintar o mundo de esperan\u00e7a e respeito.<\/p>\n<p>&#8220;A vida come\u00e7a quando a viol\u00eancia acaba&#8221; &#8211; Maria da Penha<br \/>\n\u260e\ufe0f Diga n\u00e3o \u00e0 viol\u00eancia, disque 180.<\/p>\n","protected":false},"excerpt":{"rendered":"<p>Agosto Lil\u00e1s: um m\u00eas de conscientiza\u00e7\u00e3o, empoderamento e uni\u00e3o contra a viol\u00eancia dom\u00e9stica e a favor da igualdade de g\u00eanero. Juntos, podemos pintar o mundo de esperan\u00e7a e respeito.<\/p>\n","protected":false},"author":2,"featured_media":1663,"comment_status":"closed","ping_status":"open","sticky":false,"template":"","format":"standard","meta":{"_et_pb_use_builder":"","_et_pb_old_content":"","_et_gb_content_width":"","footnotes":""},"categories":[1],"tags":[],"class_list":["post-1661","post","type-post","status-publish","format-standard","has-post-thumbnail","hentry","category-lya-noticias"],"_links":{"self":[{"href":"https:\/\/lya.com.br\/noticias\/wp-json\/wp\/v2\/posts\/1661","targetHints":{"allow":["GET"]}}],"collection":[{"href":"https:\/\/lya.com.br\/noticias\/wp-json\/wp\/v2\/posts"}],"about":[{"href":"https:\/\/lya.com.br\/noticias\/wp-json\/wp\/v2\/types\/post"}],"author":[{"embeddable":true,"href":"https:\/\/lya.com.br\/noticias\/wp-json\/wp\/v2\/users\/2"}],"replies":[{"embeddable":true,"href":"https:\/\/lya.com.br\/noticias\/wp-json\/wp\/v2\/comments?post=1661"}],"version-history":[{"count":1,"href":"https:\/\/lya.com.br\/noticias\/wp-json\/wp\/v2\/posts\/1661\/revisions"}],"predecessor-version":[{"id":1664,"href":"https:\/\/lya.com.br\/noticias\/wp-json\/wp\/v2\/posts\/1661\/revisions\/1664"}],"wp:featuredmedia":[{"embeddable":true,"href":"https:\/\/lya.com.br\/noticias\/wp-json\/wp\/v2\/media\/1663"}],"wp:attachment":[{"href":"https:\/\/lya.com.br\/noticias\/wp-json\/wp\/v2\/media?parent=1661"}],"wp:term":[{"taxonomy":"category","embeddable":true,"href":"https:\/\/lya.com.br\/noticias\/wp-json\/wp\/v2\/categories?post=1661"},{"taxonomy":"post_tag","embeddable":true,"href":"https:\/\/lya.com.br\/noticias\/wp-json\/wp\/v2\/tags?post=1661"}],"curies":[{"name":"wp","href":"https:\/\/api.w.org\/{rel}","templated":true}]}}