{"id":1665,"date":"2023-08-05T13:56:47","date_gmt":"2023-08-05T13:56:47","guid":{"rendered":"https:\/\/lya.com.br\/noticias\/?p=1665"},"modified":"2023-08-05T13:57:20","modified_gmt":"2023-08-05T13:57:20","slug":"05-de-agosto-dia-nacional-da-saude","status":"publish","type":"post","link":"https:\/\/lya.com.br\/noticias\/2023\/08\/05\/05-de-agosto-dia-nacional-da-saude\/","title":{"rendered":"05 DE AGOSTO | DIA NACIONAL DA SA\u00daDE"},"content":{"rendered":"<p>No Dia Mundial da Sa\u00fade, unimos for\u00e7as em prol do bem-estar global. Cuidar da nossa sa\u00fade \u00e9 cuidar do mundo que compartilhamos. Que este dia seja o marco de um compromisso coletivo com a preven\u00e7\u00e3o, acesso igualit\u00e1rio aos cuidados m\u00e9dicos e uma vida saud\u00e1vel para todos. Vamos juntos construir um futuro mais saud\u00e1vel e resiliente, porque a sa\u00fade \u00e9 o alicerce de uma sociedade forte e feliz.\u2764\ufe0f<\/p>\n<p>&nbsp;<\/p>\n","protected":false},"excerpt":{"rendered":"<p>No Dia Mundial da Sa\u00fade, unimos for\u00e7as em prol do bem-estar global. Cuidar da nossa sa\u00fade \u00e9 cuidar do mundo que compartilhamos. Que este dia seja o marco de um compromisso coletivo com a preven\u00e7\u00e3o, acesso igualit\u00e1rio aos cuidados m\u00e9dicos e uma vida saud\u00e1vel para todos. Vamos juntos construir um futuro mais saud\u00e1vel e resiliente, porque a sa\u00fade \u00e9 o alicerce de uma sociedade forte e feliz.\u2764\ufe0f<\/p>\n","protected":false},"author":2,"featured_media":1666,"comment_status":"closed","ping_status":"open","sticky":false,"template":"","format":"standard","meta":{"_et_pb_use_builder":"","_et_pb_old_content":"","_et_gb_content_width":"","footnotes":""},"categories":[1],"tags":[],"class_list":["post-1665","post","type-post","status-publish","format-standard","has-post-thumbnail","hentry","category-lya-noticias"],"_links":{"self":[{"href":"https:\/\/lya.com.br\/noticias\/wp-json\/wp\/v2\/posts\/1665","targetHints":{"allow":["GET"]}}],"collection":[{"href":"https:\/\/lya.com.br\/noticias\/wp-json\/wp\/v2\/posts"}],"about":[{"href":"https:\/\/lya.com.br\/noticias\/wp-json\/wp\/v2\/types\/post"}],"author":[{"embeddable":true,"href":"https:\/\/lya.com.br\/noticias\/wp-json\/wp\/v2\/users\/2"}],"replies":[{"embeddable":true,"href":"https:\/\/lya.com.br\/noticias\/wp-json\/wp\/v2\/comments?post=1665"}],"version-history":[{"count":2,"href":"https:\/\/lya.com.br\/noticias\/wp-json\/wp\/v2\/posts\/1665\/revisions"}],"predecessor-version":[{"id":1668,"href":"https:\/\/lya.com.br\/noticias\/wp-json\/wp\/v2\/posts\/1665\/revisions\/1668"}],"wp:featuredmedia":[{"embeddable":true,"href":"https:\/\/lya.com.br\/noticias\/wp-json\/wp\/v2\/media\/1666"}],"wp:attachment":[{"href":"https:\/\/lya.com.br\/noticias\/wp-json\/wp\/v2\/media?parent=1665"}],"wp:term":[{"taxonomy":"category","embeddable":true,"href":"https:\/\/lya.com.br\/noticias\/wp-json\/wp\/v2\/categories?post=1665"},{"taxonomy":"post_tag","embeddable":true,"href":"https:\/\/lya.com.br\/noticias\/wp-json\/wp\/v2\/tags?post=1665"}],"curies":[{"name":"wp","href":"https:\/\/api.w.org\/{rel}","templated":true}]}}