{"id":1672,"date":"2023-08-11T15:51:21","date_gmt":"2023-08-11T15:51:21","guid":{"rendered":"https:\/\/lya.com.br\/noticias\/?p=1672"},"modified":"2023-08-11T15:51:21","modified_gmt":"2023-08-11T15:51:21","slug":"3-sinais-de-que-voce-precisa-delegar-tarefas-2","status":"publish","type":"post","link":"https:\/\/lya.com.br\/noticias\/2023\/08\/11\/3-sinais-de-que-voce-precisa-delegar-tarefas-2\/","title":{"rendered":"3 SINAIS DE QUE VOC\u00ca PRECISA DELEGAR TAREFAS"},"content":{"rendered":"<p>Manter o foco nos neg\u00f3cios pode ser uma tarefa dif\u00edcil quando se tem preocupa\u00e7\u00f5es como contrata\u00e7\u00e3o de colaboradores, treinamento, folhas de pagamento, encargos, etc.<\/p>\n<p>Por isso, muitas empresas decidem terceirizar servi\u00e7os que n\u00e3o est\u00e3o ligados \u00e0 atividade principal.<\/p>\n<p>Se voc\u00ea est\u00e1 em d\u00favida, confira os 3 sinais que mostram se voc\u00ea precisa delegar tarefas. \ud83d\ude09<\/p>\n<p>1. Voc\u00ea n\u00e3o consegue avan\u00e7ar seus projetos;<br \/>\n2. Voc\u00ea termina o dia querendo ter mais tempo;<br \/>\n3. Voc\u00ea se sente sobrecarregado.<\/p>\n<p>Quer saber mais? Entre em contato conosco ou acesse nosso site:<br \/>\nwww.lya.com.br<br \/>\natendimento@lya.com.br<br \/>\n(16) 3900-0994<br \/>\nR. Jos\u00e9 Bianchi, 555 &#8211; Sala 2404, 24\u00ba andar &#8211; Nova Ribeir\u00e2nia, Ribeir\u00e3o Preto, SP.<\/p>\n","protected":false},"excerpt":{"rendered":"<p>Manter o foco nos neg\u00f3cios pode ser uma tarefa dif\u00edcil quando se tem preocupa\u00e7\u00f5es como contrata\u00e7\u00e3o de colaboradores, treinamento, folhas de pagamento, encargos, etc.<\/p>\n","protected":false},"author":2,"featured_media":1673,"comment_status":"closed","ping_status":"open","sticky":false,"template":"","format":"standard","meta":{"_et_pb_use_builder":"","_et_pb_old_content":"","_et_gb_content_width":"","footnotes":""},"categories":[1],"tags":[],"class_list":["post-1672","post","type-post","status-publish","format-standard","has-post-thumbnail","hentry","category-lya-noticias"],"_links":{"self":[{"href":"https:\/\/lya.com.br\/noticias\/wp-json\/wp\/v2\/posts\/1672","targetHints":{"allow":["GET"]}}],"collection":[{"href":"https:\/\/lya.com.br\/noticias\/wp-json\/wp\/v2\/posts"}],"about":[{"href":"https:\/\/lya.com.br\/noticias\/wp-json\/wp\/v2\/types\/post"}],"author":[{"embeddable":true,"href":"https:\/\/lya.com.br\/noticias\/wp-json\/wp\/v2\/users\/2"}],"replies":[{"embeddable":true,"href":"https:\/\/lya.com.br\/noticias\/wp-json\/wp\/v2\/comments?post=1672"}],"version-history":[{"count":1,"href":"https:\/\/lya.com.br\/noticias\/wp-json\/wp\/v2\/posts\/1672\/revisions"}],"predecessor-version":[{"id":1674,"href":"https:\/\/lya.com.br\/noticias\/wp-json\/wp\/v2\/posts\/1672\/revisions\/1674"}],"wp:featuredmedia":[{"embeddable":true,"href":"https:\/\/lya.com.br\/noticias\/wp-json\/wp\/v2\/media\/1673"}],"wp:attachment":[{"href":"https:\/\/lya.com.br\/noticias\/wp-json\/wp\/v2\/media?parent=1672"}],"wp:term":[{"taxonomy":"category","embeddable":true,"href":"https:\/\/lya.com.br\/noticias\/wp-json\/wp\/v2\/categories?post=1672"},{"taxonomy":"post_tag","embeddable":true,"href":"https:\/\/lya.com.br\/noticias\/wp-json\/wp\/v2\/tags?post=1672"}],"curies":[{"name":"wp","href":"https:\/\/api.w.org\/{rel}","templated":true}]}}