{"id":1718,"date":"2023-09-13T22:22:22","date_gmt":"2023-09-13T22:22:22","guid":{"rendered":"https:\/\/lya.com.br\/noticias\/?p=1718"},"modified":"2023-09-13T22:22:22","modified_gmt":"2023-09-13T22:22:22","slug":"contrato-temporario","status":"publish","type":"post","link":"https:\/\/lya.com.br\/noticias\/2023\/09\/13\/contrato-temporario\/","title":{"rendered":"CONTRATO TEMPOR\u00c1RIO"},"content":{"rendered":"<p>Uma oportunidade para as empresas em substitui\u00e7\u00e3o tempor\u00e1ria de vagas e necessidades excepcionais. Atua\u00e7\u00f5es em: aus\u00eancias prolongadas, f\u00e9rias, licen\u00e7a-maternidade\/sa\u00fade e aumento tempor\u00e1rio de demanda.<\/p>\n<p>Entre em contato e conhe\u00e7a nossos servi\u00e7os:<br \/>\nwww.lya.com.br<br \/>\natendimento@lya.com.br<br \/>\n(16) 3900-0994<br \/>\nR. Jos\u00e9 Bianchi, 555 &#8211; Sala 2404, 24\u00ba andar &#8211; Nova Ribeir\u00e2nia, Ribeir\u00e3o Preto, SP.<\/p>\n<p>&nbsp;<\/p>\n","protected":false},"excerpt":{"rendered":"<p>Uma oportunidade para as empresas em substitui\u00e7\u00e3o tempor\u00e1ria de vagas e necessidades excepcionais. Atua\u00e7\u00f5es em: aus\u00eancias prolongadas, f\u00e9rias, licen\u00e7a-maternidade\/sa\u00fade e aumento tempor\u00e1rio de demanda.<\/p>\n","protected":false},"author":2,"featured_media":1719,"comment_status":"closed","ping_status":"open","sticky":false,"template":"","format":"standard","meta":{"_et_pb_use_builder":"","_et_pb_old_content":"","_et_gb_content_width":"","footnotes":""},"categories":[1],"tags":[],"class_list":["post-1718","post","type-post","status-publish","format-standard","has-post-thumbnail","hentry","category-lya-noticias"],"_links":{"self":[{"href":"https:\/\/lya.com.br\/noticias\/wp-json\/wp\/v2\/posts\/1718","targetHints":{"allow":["GET"]}}],"collection":[{"href":"https:\/\/lya.com.br\/noticias\/wp-json\/wp\/v2\/posts"}],"about":[{"href":"https:\/\/lya.com.br\/noticias\/wp-json\/wp\/v2\/types\/post"}],"author":[{"embeddable":true,"href":"https:\/\/lya.com.br\/noticias\/wp-json\/wp\/v2\/users\/2"}],"replies":[{"embeddable":true,"href":"https:\/\/lya.com.br\/noticias\/wp-json\/wp\/v2\/comments?post=1718"}],"version-history":[{"count":1,"href":"https:\/\/lya.com.br\/noticias\/wp-json\/wp\/v2\/posts\/1718\/revisions"}],"predecessor-version":[{"id":1720,"href":"https:\/\/lya.com.br\/noticias\/wp-json\/wp\/v2\/posts\/1718\/revisions\/1720"}],"wp:featuredmedia":[{"embeddable":true,"href":"https:\/\/lya.com.br\/noticias\/wp-json\/wp\/v2\/media\/1719"}],"wp:attachment":[{"href":"https:\/\/lya.com.br\/noticias\/wp-json\/wp\/v2\/media?parent=1718"}],"wp:term":[{"taxonomy":"category","embeddable":true,"href":"https:\/\/lya.com.br\/noticias\/wp-json\/wp\/v2\/categories?post=1718"},{"taxonomy":"post_tag","embeddable":true,"href":"https:\/\/lya.com.br\/noticias\/wp-json\/wp\/v2\/tags?post=1718"}],"curies":[{"name":"wp","href":"https:\/\/api.w.org\/{rel}","templated":true}]}}