{"id":1810,"date":"2023-11-20T19:41:32","date_gmt":"2023-11-20T19:41:32","guid":{"rendered":"https:\/\/lya.com.br\/noticias\/?p=1810"},"modified":"2023-11-20T19:41:32","modified_gmt":"2023-11-20T19:41:32","slug":"dia-da-consciencia-negra","status":"publish","type":"post","link":"https:\/\/lya.com.br\/noticias\/2023\/11\/20\/dia-da-consciencia-negra\/","title":{"rendered":"DIA DA CONSCI\u00caNCIA NEGRA"},"content":{"rendered":"<p>Na valoriza\u00e7\u00e3o da hist\u00f3ria, cultura e contribui\u00e7\u00f5es dos afrodescendentes, celebramos a diversidade e promovemos a igualdade. No Dia da Consci\u00eancia Negra, unimos for\u00e7as para construir um futuro mais inclusivo e justo.\u270a\ud83c\udfff\ud83d\udda4<\/p>\n","protected":false},"excerpt":{"rendered":"<p>Na valoriza\u00e7\u00e3o da hist\u00f3ria, cultura e contribui\u00e7\u00f5es dos afrodescendentes, celebramos a diversidade e promovemos a igualdade. No Dia da Consci\u00eancia Negra, unimos for\u00e7as para construir um futuro mais inclusivo e justo.\u270a\ud83c\udfff\ud83d\udda4<\/p>\n","protected":false},"author":2,"featured_media":1811,"comment_status":"closed","ping_status":"open","sticky":false,"template":"","format":"standard","meta":{"_et_pb_use_builder":"","_et_pb_old_content":"","_et_gb_content_width":"","footnotes":""},"categories":[1],"tags":[],"class_list":["post-1810","post","type-post","status-publish","format-standard","has-post-thumbnail","hentry","category-lya-noticias"],"_links":{"self":[{"href":"https:\/\/lya.com.br\/noticias\/wp-json\/wp\/v2\/posts\/1810","targetHints":{"allow":["GET"]}}],"collection":[{"href":"https:\/\/lya.com.br\/noticias\/wp-json\/wp\/v2\/posts"}],"about":[{"href":"https:\/\/lya.com.br\/noticias\/wp-json\/wp\/v2\/types\/post"}],"author":[{"embeddable":true,"href":"https:\/\/lya.com.br\/noticias\/wp-json\/wp\/v2\/users\/2"}],"replies":[{"embeddable":true,"href":"https:\/\/lya.com.br\/noticias\/wp-json\/wp\/v2\/comments?post=1810"}],"version-history":[{"count":1,"href":"https:\/\/lya.com.br\/noticias\/wp-json\/wp\/v2\/posts\/1810\/revisions"}],"predecessor-version":[{"id":1812,"href":"https:\/\/lya.com.br\/noticias\/wp-json\/wp\/v2\/posts\/1810\/revisions\/1812"}],"wp:featuredmedia":[{"embeddable":true,"href":"https:\/\/lya.com.br\/noticias\/wp-json\/wp\/v2\/media\/1811"}],"wp:attachment":[{"href":"https:\/\/lya.com.br\/noticias\/wp-json\/wp\/v2\/media?parent=1810"}],"wp:term":[{"taxonomy":"category","embeddable":true,"href":"https:\/\/lya.com.br\/noticias\/wp-json\/wp\/v2\/categories?post=1810"},{"taxonomy":"post_tag","embeddable":true,"href":"https:\/\/lya.com.br\/noticias\/wp-json\/wp\/v2\/tags?post=1810"}],"curies":[{"name":"wp","href":"https:\/\/api.w.org\/{rel}","templated":true}]}}