{"id":1873,"date":"2024-01-02T20:45:12","date_gmt":"2024-01-02T20:45:12","guid":{"rendered":"https:\/\/lya.com.br\/noticias\/?p=1873"},"modified":"2024-01-02T20:48:52","modified_gmt":"2024-01-02T20:48:52","slug":"janeiro-branco-mes-de-atencao-e-cuidados-a-saude-mental","status":"publish","type":"post","link":"https:\/\/lya.com.br\/noticias\/2024\/01\/02\/janeiro-branco-mes-de-atencao-e-cuidados-a-saude-mental\/","title":{"rendered":"JANEIRO BRANCO | M\u00caS DE ATEN\u00c7\u00c3O E CUIDADOS A SA\u00daDE MENTAL"},"content":{"rendered":"<p>Que maravilhoso saber que o Grupo Lya est\u00e1 comprometido com a causa do Janeiro Branco! Este m\u00eas nos convida a pintar o mundo com a cor da conscientiza\u00e7\u00e3o mental, a fim de desmistificar, acolher e promover a sa\u00fade emocional. \u00c9 um convite para refletir sobre a import\u00e2ncia do cuidado com a mente, que merece tanto zelo quanto qualquer outra parte do nosso ser. Juntos, podemos quebrar estigmas, oferecer suporte e incentivar o di\u00e1logo aberto sobre sa\u00fade mental, criando uma sociedade mais acolhedora e emp\u00e1tica para todos. Este Janeiro Branco, que a luz da conscientiza\u00e7\u00e3o ilumine nossos caminhos, inspirando a busca por bem-estar emocional em todos os aspectos da vida.<\/p>\n","protected":false},"excerpt":{"rendered":"<p>Que maravilhoso saber que o Grupo Lya est\u00e1 comprometido com a causa do Janeiro Branco! Este m\u00eas nos convida a pintar o mundo com a cor da conscientiza\u00e7\u00e3o mental, a fim de desmistificar, acolher e promover a sa\u00fade emocional. \u00c9 um convite para refletir sobre a import\u00e2ncia do cuidado com a mente, que merece tanto [&hellip;]<\/p>\n","protected":false},"author":2,"featured_media":1874,"comment_status":"closed","ping_status":"open","sticky":false,"template":"","format":"standard","meta":{"_et_pb_use_builder":"","_et_pb_old_content":"","_et_gb_content_width":"","footnotes":""},"categories":[1],"tags":[],"class_list":["post-1873","post","type-post","status-publish","format-standard","has-post-thumbnail","hentry","category-lya-noticias"],"_links":{"self":[{"href":"https:\/\/lya.com.br\/noticias\/wp-json\/wp\/v2\/posts\/1873","targetHints":{"allow":["GET"]}}],"collection":[{"href":"https:\/\/lya.com.br\/noticias\/wp-json\/wp\/v2\/posts"}],"about":[{"href":"https:\/\/lya.com.br\/noticias\/wp-json\/wp\/v2\/types\/post"}],"author":[{"embeddable":true,"href":"https:\/\/lya.com.br\/noticias\/wp-json\/wp\/v2\/users\/2"}],"replies":[{"embeddable":true,"href":"https:\/\/lya.com.br\/noticias\/wp-json\/wp\/v2\/comments?post=1873"}],"version-history":[{"count":1,"href":"https:\/\/lya.com.br\/noticias\/wp-json\/wp\/v2\/posts\/1873\/revisions"}],"predecessor-version":[{"id":1875,"href":"https:\/\/lya.com.br\/noticias\/wp-json\/wp\/v2\/posts\/1873\/revisions\/1875"}],"wp:featuredmedia":[{"embeddable":true,"href":"https:\/\/lya.com.br\/noticias\/wp-json\/wp\/v2\/media\/1874"}],"wp:attachment":[{"href":"https:\/\/lya.com.br\/noticias\/wp-json\/wp\/v2\/media?parent=1873"}],"wp:term":[{"taxonomy":"category","embeddable":true,"href":"https:\/\/lya.com.br\/noticias\/wp-json\/wp\/v2\/categories?post=1873"},{"taxonomy":"post_tag","embeddable":true,"href":"https:\/\/lya.com.br\/noticias\/wp-json\/wp\/v2\/tags?post=1873"}],"curies":[{"name":"wp","href":"https:\/\/api.w.org\/{rel}","templated":true}]}}