{"id":1913,"date":"2024-01-30T23:13:51","date_gmt":"2024-01-30T23:13:51","guid":{"rendered":"https:\/\/lya.com.br\/noticias\/?p=1913"},"modified":"2024-01-30T23:13:51","modified_gmt":"2024-01-30T23:13:51","slug":"dia-mundial-da-nao-violencia-e-cultura-de-paz","status":"publish","type":"post","link":"https:\/\/lya.com.br\/noticias\/2024\/01\/30\/dia-mundial-da-nao-violencia-e-cultura-de-paz\/","title":{"rendered":"DIA MUNDIAL DA N\u00c3O-VIOL\u00caNCIA E CULTURA DE PAZ"},"content":{"rendered":"<p>30 de Janeiro | Dia Mundial da N\u00e3o-Viol\u00eancia e Cultura de Paz<\/p>\n<p>Hoje, celebramos o Dia Mundial da N\u00e3o-Viol\u00eancia e Cultura de Paz. Um lembrete poderoso de que a verdadeira for\u00e7a reside na compaix\u00e3o, no di\u00e1logo e na promo\u00e7\u00e3o da harmonia. Vamos unir esfor\u00e7os para construir um mundo onde a paz seja a linguagem universal. Juntos, somos agentes de transforma\u00e7\u00e3o.\ud83d\udd4a\ufe0f<\/p>\n","protected":false},"excerpt":{"rendered":"<p>Hoje, celebramos o Dia Mundial da N\u00e3o-Viol\u00eancia e Cultura de Paz. Um lembrete poderoso de que a verdadeira for\u00e7a reside na compaix\u00e3o, no di\u00e1logo e na promo\u00e7\u00e3o da harmonia.<\/p>\n","protected":false},"author":2,"featured_media":1914,"comment_status":"closed","ping_status":"open","sticky":false,"template":"","format":"standard","meta":{"_et_pb_use_builder":"","_et_pb_old_content":"","_et_gb_content_width":"","footnotes":""},"categories":[1],"tags":[],"class_list":["post-1913","post","type-post","status-publish","format-standard","has-post-thumbnail","hentry","category-lya-noticias"],"_links":{"self":[{"href":"https:\/\/lya.com.br\/noticias\/wp-json\/wp\/v2\/posts\/1913","targetHints":{"allow":["GET"]}}],"collection":[{"href":"https:\/\/lya.com.br\/noticias\/wp-json\/wp\/v2\/posts"}],"about":[{"href":"https:\/\/lya.com.br\/noticias\/wp-json\/wp\/v2\/types\/post"}],"author":[{"embeddable":true,"href":"https:\/\/lya.com.br\/noticias\/wp-json\/wp\/v2\/users\/2"}],"replies":[{"embeddable":true,"href":"https:\/\/lya.com.br\/noticias\/wp-json\/wp\/v2\/comments?post=1913"}],"version-history":[{"count":1,"href":"https:\/\/lya.com.br\/noticias\/wp-json\/wp\/v2\/posts\/1913\/revisions"}],"predecessor-version":[{"id":1915,"href":"https:\/\/lya.com.br\/noticias\/wp-json\/wp\/v2\/posts\/1913\/revisions\/1915"}],"wp:featuredmedia":[{"embeddable":true,"href":"https:\/\/lya.com.br\/noticias\/wp-json\/wp\/v2\/media\/1914"}],"wp:attachment":[{"href":"https:\/\/lya.com.br\/noticias\/wp-json\/wp\/v2\/media?parent=1913"}],"wp:term":[{"taxonomy":"category","embeddable":true,"href":"https:\/\/lya.com.br\/noticias\/wp-json\/wp\/v2\/categories?post=1913"},{"taxonomy":"post_tag","embeddable":true,"href":"https:\/\/lya.com.br\/noticias\/wp-json\/wp\/v2\/tags?post=1913"}],"curies":[{"name":"wp","href":"https:\/\/api.w.org\/{rel}","templated":true}]}}