{"id":1963,"date":"2024-03-04T12:44:20","date_gmt":"2024-03-04T12:44:20","guid":{"rendered":"https:\/\/lya.com.br\/noticias\/?p=1963"},"modified":"2024-03-04T12:44:20","modified_gmt":"2024-03-04T12:44:20","slug":"marco-lilas-mes-de-prevencao-e-combate-ao-cancer-de-colo-do-utero","status":"publish","type":"post","link":"https:\/\/lya.com.br\/noticias\/2024\/03\/04\/marco-lilas-mes-de-prevencao-e-combate-ao-cancer-de-colo-do-utero\/","title":{"rendered":"MAR\u00c7O LIL\u00c1S | M\u00caS DE PREVEN\u00c7\u00c3O E COMBATE AO C\u00c2NCER DE COLO DO \u00daTERO"},"content":{"rendered":"<p>Junte-se a n\u00f3s nesta importante causa! Prevenir \u00e9 cuidar. Conscientize-se sobre o c\u00e2ncer de colo do \u00fatero e promova a sa\u00fade da mulher.<\/p>\n","protected":false},"excerpt":{"rendered":"<p>Junte-se a n\u00f3s nesta importante causa! Prevenir \u00e9 cuidar. Conscientize-se sobre o c\u00e2ncer de colo do \u00fatero e promova a sa\u00fade da mulher.<\/p>\n","protected":false},"author":2,"featured_media":1964,"comment_status":"closed","ping_status":"open","sticky":false,"template":"","format":"standard","meta":{"_et_pb_use_builder":"","_et_pb_old_content":"","_et_gb_content_width":"","footnotes":""},"categories":[1],"tags":[],"class_list":["post-1963","post","type-post","status-publish","format-standard","has-post-thumbnail","hentry","category-lya-noticias"],"_links":{"self":[{"href":"https:\/\/lya.com.br\/noticias\/wp-json\/wp\/v2\/posts\/1963","targetHints":{"allow":["GET"]}}],"collection":[{"href":"https:\/\/lya.com.br\/noticias\/wp-json\/wp\/v2\/posts"}],"about":[{"href":"https:\/\/lya.com.br\/noticias\/wp-json\/wp\/v2\/types\/post"}],"author":[{"embeddable":true,"href":"https:\/\/lya.com.br\/noticias\/wp-json\/wp\/v2\/users\/2"}],"replies":[{"embeddable":true,"href":"https:\/\/lya.com.br\/noticias\/wp-json\/wp\/v2\/comments?post=1963"}],"version-history":[{"count":1,"href":"https:\/\/lya.com.br\/noticias\/wp-json\/wp\/v2\/posts\/1963\/revisions"}],"predecessor-version":[{"id":1965,"href":"https:\/\/lya.com.br\/noticias\/wp-json\/wp\/v2\/posts\/1963\/revisions\/1965"}],"wp:featuredmedia":[{"embeddable":true,"href":"https:\/\/lya.com.br\/noticias\/wp-json\/wp\/v2\/media\/1964"}],"wp:attachment":[{"href":"https:\/\/lya.com.br\/noticias\/wp-json\/wp\/v2\/media?parent=1963"}],"wp:term":[{"taxonomy":"category","embeddable":true,"href":"https:\/\/lya.com.br\/noticias\/wp-json\/wp\/v2\/categories?post=1963"},{"taxonomy":"post_tag","embeddable":true,"href":"https:\/\/lya.com.br\/noticias\/wp-json\/wp\/v2\/tags?post=1963"}],"curies":[{"name":"wp","href":"https:\/\/api.w.org\/{rel}","templated":true}]}}