{"id":1977,"date":"2024-03-14T20:08:35","date_gmt":"2024-03-14T20:08:35","guid":{"rendered":"https:\/\/lya.com.br\/noticias\/?p=1977"},"modified":"2024-03-14T21:24:18","modified_gmt":"2024-03-14T21:24:18","slug":"o-profissional-ideal-para-sua-empresa-hoje","status":"publish","type":"post","link":"https:\/\/lya.com.br\/noticias\/2024\/03\/14\/o-profissional-ideal-para-sua-empresa-hoje\/","title":{"rendered":"O PROFISSIONAL IDEAL PARA SUA EMPRESA, HOJE!"},"content":{"rendered":"<p>Na correria do dia a dia muitos colaboradores sofrem com o ac\u00famulo de cargos, prejudicando a efici\u00eancia e desempenho de suas fun\u00e7\u00f5es.<\/p>\n<p>A contrata\u00e7\u00e3o de um funcion\u00e1rio terceirizado garante que aquele cargo espec\u00edfico estar\u00e1 sendo desempenhado por um profissional qualificado e que atenda \u00e0s necessidades espec\u00edficas do seu neg\u00f3cio.<\/p>\n<p>Conte com o Grupo Lya para terceirizar com tranquilidade e efici\u00eancia. Entre em contato conosco:<br \/>\nwww.lya.com.br<br \/>\natendimento@lya.com.br<br \/>\n(16) 3900-0994<br \/>\nR. Jos\u00e9 Bianchi, 555 &#8211; Sala 2404, 24\u00ba andar &#8211; Nova Ribeir\u00e2nia, Ribeir\u00e3o Preto, SP.<\/p>\n","protected":false},"excerpt":{"rendered":"<p>A contrata\u00e7\u00e3o de um funcion\u00e1rio terceirizado garante que aquele cargo espec\u00edfico estar\u00e1 sendo desempenhado por um profissional qualificado e que atenda \u00e0s necessidades espec\u00edficas do seu neg\u00f3cio.<\/p>\n","protected":false},"author":2,"featured_media":1978,"comment_status":"closed","ping_status":"open","sticky":false,"template":"","format":"standard","meta":{"_et_pb_use_builder":"","_et_pb_old_content":"","_et_gb_content_width":"","footnotes":""},"categories":[1],"tags":[],"class_list":["post-1977","post","type-post","status-publish","format-standard","has-post-thumbnail","hentry","category-lya-noticias"],"_links":{"self":[{"href":"https:\/\/lya.com.br\/noticias\/wp-json\/wp\/v2\/posts\/1977","targetHints":{"allow":["GET"]}}],"collection":[{"href":"https:\/\/lya.com.br\/noticias\/wp-json\/wp\/v2\/posts"}],"about":[{"href":"https:\/\/lya.com.br\/noticias\/wp-json\/wp\/v2\/types\/post"}],"author":[{"embeddable":true,"href":"https:\/\/lya.com.br\/noticias\/wp-json\/wp\/v2\/users\/2"}],"replies":[{"embeddable":true,"href":"https:\/\/lya.com.br\/noticias\/wp-json\/wp\/v2\/comments?post=1977"}],"version-history":[{"count":1,"href":"https:\/\/lya.com.br\/noticias\/wp-json\/wp\/v2\/posts\/1977\/revisions"}],"predecessor-version":[{"id":1979,"href":"https:\/\/lya.com.br\/noticias\/wp-json\/wp\/v2\/posts\/1977\/revisions\/1979"}],"wp:featuredmedia":[{"embeddable":true,"href":"https:\/\/lya.com.br\/noticias\/wp-json\/wp\/v2\/media\/1978"}],"wp:attachment":[{"href":"https:\/\/lya.com.br\/noticias\/wp-json\/wp\/v2\/media?parent=1977"}],"wp:term":[{"taxonomy":"category","embeddable":true,"href":"https:\/\/lya.com.br\/noticias\/wp-json\/wp\/v2\/categories?post=1977"},{"taxonomy":"post_tag","embeddable":true,"href":"https:\/\/lya.com.br\/noticias\/wp-json\/wp\/v2\/tags?post=1977"}],"curies":[{"name":"wp","href":"https:\/\/api.w.org\/{rel}","templated":true}]}}