{"id":2011,"date":"2024-04-03T16:02:06","date_gmt":"2024-04-03T16:02:06","guid":{"rendered":"https:\/\/lya.com.br\/noticias\/?p=2011"},"modified":"2024-04-03T16:03:06","modified_gmt":"2024-04-03T16:03:06","slug":"abril-azul","status":"publish","type":"post","link":"https:\/\/lya.com.br\/noticias\/2024\/04\/03\/abril-azul\/","title":{"rendered":"ABRIL AZUL"},"content":{"rendered":"<p>M\u00eas de Conscientiza\u00e7\u00e3o sobre o Autismo. Junte-se ao Grupo Lya para celebrar e promover a singularidade autista.<\/p>\n","protected":false},"excerpt":{"rendered":"<p>M\u00eas de Conscientiza\u00e7\u00e3o sobre o Autismo. Junte-se ao Grupo Lya para celebrar e promover a singularidade autista.<\/p>\n","protected":false},"author":2,"featured_media":2012,"comment_status":"closed","ping_status":"open","sticky":false,"template":"","format":"standard","meta":{"_et_pb_use_builder":"","_et_pb_old_content":"","_et_gb_content_width":"","footnotes":""},"categories":[1],"tags":[],"class_list":["post-2011","post","type-post","status-publish","format-standard","has-post-thumbnail","hentry","category-lya-noticias"],"_links":{"self":[{"href":"https:\/\/lya.com.br\/noticias\/wp-json\/wp\/v2\/posts\/2011","targetHints":{"allow":["GET"]}}],"collection":[{"href":"https:\/\/lya.com.br\/noticias\/wp-json\/wp\/v2\/posts"}],"about":[{"href":"https:\/\/lya.com.br\/noticias\/wp-json\/wp\/v2\/types\/post"}],"author":[{"embeddable":true,"href":"https:\/\/lya.com.br\/noticias\/wp-json\/wp\/v2\/users\/2"}],"replies":[{"embeddable":true,"href":"https:\/\/lya.com.br\/noticias\/wp-json\/wp\/v2\/comments?post=2011"}],"version-history":[{"count":1,"href":"https:\/\/lya.com.br\/noticias\/wp-json\/wp\/v2\/posts\/2011\/revisions"}],"predecessor-version":[{"id":2013,"href":"https:\/\/lya.com.br\/noticias\/wp-json\/wp\/v2\/posts\/2011\/revisions\/2013"}],"wp:featuredmedia":[{"embeddable":true,"href":"https:\/\/lya.com.br\/noticias\/wp-json\/wp\/v2\/media\/2012"}],"wp:attachment":[{"href":"https:\/\/lya.com.br\/noticias\/wp-json\/wp\/v2\/media?parent=2011"}],"wp:term":[{"taxonomy":"category","embeddable":true,"href":"https:\/\/lya.com.br\/noticias\/wp-json\/wp\/v2\/categories?post=2011"},{"taxonomy":"post_tag","embeddable":true,"href":"https:\/\/lya.com.br\/noticias\/wp-json\/wp\/v2\/tags?post=2011"}],"curies":[{"name":"wp","href":"https:\/\/api.w.org\/{rel}","templated":true}]}}