{"id":2026,"date":"2024-04-18T11:02:19","date_gmt":"2024-04-18T11:02:19","guid":{"rendered":"https:\/\/lya.com.br\/noticias\/?p=2026"},"modified":"2024-04-18T11:02:19","modified_gmt":"2024-04-18T11:02:19","slug":"dia-nacional-do-livro-infantil","status":"publish","type":"post","link":"https:\/\/lya.com.br\/noticias\/2024\/04\/18\/dia-nacional-do-livro-infantil\/","title":{"rendered":"DIA NACIONAL DO LIVRO INFANTIL"},"content":{"rendered":"<p>O Dia Nacional do Livro Infantil \u00e9 comemorado no Brasil em 18 de abril, em homenagem ao nascimento de Monteiro Lobato, um dos mais importantes escritores da literatura infantil brasileira.<\/p>\n<p>Para o Grupo Lya, essa data pode ser marcada com diversas atividades, como sess\u00f5es de leitura, conta\u00e7\u00e3o de hist\u00f3rias, oficinas liter\u00e1rias&#8230; O importante \u00e9 promover o amor pela leitura desde cedo e contribuir para o desenvolvimento cognitivo e emocional dos pequenos leitores.<\/p>\n<p>Abra um livro hoje e d\u00ea asas \u00e0 imagina\u00e7\u00e3o das crian\u00e7as. No Dia Nacional do Livro Infantil, celebremos juntos a magia das hist\u00f3rias que transformam vidas! \ud83d\udcd6<\/p>\n","protected":false},"excerpt":{"rendered":"<p>Abra um livro hoje e d\u00ea asas \u00e0 imagina\u00e7\u00e3o das crian\u00e7as. No Dia Nacional do Livro Infantil, celebremos juntos a magia das hist\u00f3rias que transformam vidas! \ud83d\udcd6<\/p>\n","protected":false},"author":2,"featured_media":2027,"comment_status":"closed","ping_status":"open","sticky":false,"template":"","format":"standard","meta":{"_et_pb_use_builder":"","_et_pb_old_content":"","_et_gb_content_width":"","footnotes":""},"categories":[1],"tags":[],"class_list":["post-2026","post","type-post","status-publish","format-standard","has-post-thumbnail","hentry","category-lya-noticias"],"_links":{"self":[{"href":"https:\/\/lya.com.br\/noticias\/wp-json\/wp\/v2\/posts\/2026","targetHints":{"allow":["GET"]}}],"collection":[{"href":"https:\/\/lya.com.br\/noticias\/wp-json\/wp\/v2\/posts"}],"about":[{"href":"https:\/\/lya.com.br\/noticias\/wp-json\/wp\/v2\/types\/post"}],"author":[{"embeddable":true,"href":"https:\/\/lya.com.br\/noticias\/wp-json\/wp\/v2\/users\/2"}],"replies":[{"embeddable":true,"href":"https:\/\/lya.com.br\/noticias\/wp-json\/wp\/v2\/comments?post=2026"}],"version-history":[{"count":1,"href":"https:\/\/lya.com.br\/noticias\/wp-json\/wp\/v2\/posts\/2026\/revisions"}],"predecessor-version":[{"id":2028,"href":"https:\/\/lya.com.br\/noticias\/wp-json\/wp\/v2\/posts\/2026\/revisions\/2028"}],"wp:featuredmedia":[{"embeddable":true,"href":"https:\/\/lya.com.br\/noticias\/wp-json\/wp\/v2\/media\/2027"}],"wp:attachment":[{"href":"https:\/\/lya.com.br\/noticias\/wp-json\/wp\/v2\/media?parent=2026"}],"wp:term":[{"taxonomy":"category","embeddable":true,"href":"https:\/\/lya.com.br\/noticias\/wp-json\/wp\/v2\/categories?post=2026"},{"taxonomy":"post_tag","embeddable":true,"href":"https:\/\/lya.com.br\/noticias\/wp-json\/wp\/v2\/tags?post=2026"}],"curies":[{"name":"wp","href":"https:\/\/api.w.org\/{rel}","templated":true}]}}