{"id":2079,"date":"2024-05-27T19:45:28","date_gmt":"2024-05-27T19:45:28","guid":{"rendered":"https:\/\/lya.com.br\/noticias\/?p=2079"},"modified":"2024-05-27T19:45:28","modified_gmt":"2024-05-27T19:45:28","slug":"o-grupo-lya-celebra-o-dia-da-mata-atlantica","status":"publish","type":"post","link":"https:\/\/lya.com.br\/noticias\/2024\/05\/27\/o-grupo-lya-celebra-o-dia-da-mata-atlantica\/","title":{"rendered":"O GRUPO LYA CELEBRA O DIA DA MATA ATL\u00c2NTICA!"},"content":{"rendered":"<p>Hoje \u00e9 o Dia da Mata Atl\u00e2ntica, um dos biomas mais ricos e diversos do nosso planeta, mas tamb\u00e9m um dos mais amea\u00e7ados. No Grupo Lya, reconhecemos a import\u00e2ncia de preservar essa floresta vital para a biodiversidade e o equil\u00edbrio ambiental.<\/p>\n<p>A Mata Atl\u00e2ntica \u00e9 lar de milhares de esp\u00e9cies de plantas e animais, muitas delas end\u00eamicas e amea\u00e7adas de extin\u00e7\u00e3o. Sua conserva\u00e7\u00e3o \u00e9 crucial para a manuten\u00e7\u00e3o dos recursos h\u00eddricos, o clima e a qualidade de vida de milh\u00f5es de pessoas.<\/p>\n<p>Neste dia especial, refor\u00e7amos nosso compromisso com a sustentabilidade e a prote\u00e7\u00e3o ambiental. Convidamos todos a refletirem sobre a import\u00e2ncia da Mata Atl\u00e2ntica e a se envolverem em a\u00e7\u00f5es de preserva\u00e7\u00e3o.<\/p>\n<p>Vamos juntos proteger o que \u00e9 nosso e garantir um futuro mais verde para as pr\u00f3ximas gera\u00e7\u00f5es.<\/p>\n","protected":false},"excerpt":{"rendered":"<p>Hoje \u00e9 o Dia da Mata Atl\u00e2ntica, um dos biomas mais ricos e diversos do nosso planeta, mas tamb\u00e9m um dos mais amea\u00e7ados. No Grupo Lya, reconhecemos a import\u00e2ncia de preservar essa floresta vital para a biodiversidade e o equil\u00edbrio ambiental.<\/p>\n","protected":false},"author":2,"featured_media":2080,"comment_status":"closed","ping_status":"open","sticky":false,"template":"","format":"standard","meta":{"_et_pb_use_builder":"","_et_pb_old_content":"","_et_gb_content_width":"","footnotes":""},"categories":[1],"tags":[],"class_list":["post-2079","post","type-post","status-publish","format-standard","has-post-thumbnail","hentry","category-lya-noticias"],"_links":{"self":[{"href":"https:\/\/lya.com.br\/noticias\/wp-json\/wp\/v2\/posts\/2079","targetHints":{"allow":["GET"]}}],"collection":[{"href":"https:\/\/lya.com.br\/noticias\/wp-json\/wp\/v2\/posts"}],"about":[{"href":"https:\/\/lya.com.br\/noticias\/wp-json\/wp\/v2\/types\/post"}],"author":[{"embeddable":true,"href":"https:\/\/lya.com.br\/noticias\/wp-json\/wp\/v2\/users\/2"}],"replies":[{"embeddable":true,"href":"https:\/\/lya.com.br\/noticias\/wp-json\/wp\/v2\/comments?post=2079"}],"version-history":[{"count":1,"href":"https:\/\/lya.com.br\/noticias\/wp-json\/wp\/v2\/posts\/2079\/revisions"}],"predecessor-version":[{"id":2081,"href":"https:\/\/lya.com.br\/noticias\/wp-json\/wp\/v2\/posts\/2079\/revisions\/2081"}],"wp:featuredmedia":[{"embeddable":true,"href":"https:\/\/lya.com.br\/noticias\/wp-json\/wp\/v2\/media\/2080"}],"wp:attachment":[{"href":"https:\/\/lya.com.br\/noticias\/wp-json\/wp\/v2\/media?parent=2079"}],"wp:term":[{"taxonomy":"category","embeddable":true,"href":"https:\/\/lya.com.br\/noticias\/wp-json\/wp\/v2\/categories?post=2079"},{"taxonomy":"post_tag","embeddable":true,"href":"https:\/\/lya.com.br\/noticias\/wp-json\/wp\/v2\/tags?post=2079"}],"curies":[{"name":"wp","href":"https:\/\/api.w.org\/{rel}","templated":true}]}}