{"id":2096,"date":"2024-06-05T14:40:28","date_gmt":"2024-06-05T14:40:28","guid":{"rendered":"https:\/\/lya.com.br\/noticias\/?p=2096"},"modified":"2024-06-05T14:41:09","modified_gmt":"2024-06-05T14:41:09","slug":"dia-mundial-do-meio-ambiente-3","status":"publish","type":"post","link":"https:\/\/lya.com.br\/noticias\/2024\/06\/05\/dia-mundial-do-meio-ambiente-3\/","title":{"rendered":"DIA MUNDIAL DO MEIO AMBIENTE"},"content":{"rendered":"<p>\ud83c\udf0d <strong>Dia Mundial do Meio Ambiente: Unidos por um Planeta Mais Verde!<\/strong> \ud83c\udf0d<\/p>\n<p>Hoje, no Dia Mundial do Meio Ambiente, o Grupo Lya reafirma seu compromisso com a sustentabilidade e a preserva\u00e7\u00e3o dos recursos naturais. Este dia \u00e9 um chamado global para a a\u00e7\u00e3o, lembrando-nos da import\u00e2ncia de proteger nosso planeta para as gera\u00e7\u00f5es futuras.<\/p>\n<p>\ud83c\udf31 <strong>Por que isso \u00e9 importante?<\/strong><\/p>\n<ul>\n<li><strong>A cada ano, perdemos milh\u00f5es de hectares de floresta devido ao desmatamento.<\/strong><\/li>\n<li><strong>A polui\u00e7\u00e3o dos oceanos amea\u00e7a a vida marinha e a nossa pr\u00f3pria sa\u00fade.<\/strong><\/li>\n<li><strong>Mudan\u00e7as clim\u00e1ticas causam eventos clim\u00e1ticos extremos, afetando milh\u00f5es de pessoas.<\/strong><\/li>\n<\/ul>\n<p>No Grupo Lya, acreditamos que pequenas a\u00e7\u00f5es podem gerar grandes impactos. Por isso, incentivamos pr\u00e1ticas sustent\u00e1veis em todas as nossas atividades e promovemos a conscientiza\u00e7\u00e3o ambiental entre nossos colaboradores e a comunidade.<\/p>\n<p>\ud83d\udc9a <strong>Como voc\u00ea pode contribuir?<\/strong><\/p>\n<ul>\n<li><strong>Reduza, reutilize e recicle.<\/strong> Minimize o desperd\u00edcio e d\u00ea uma nova vida aos materiais.<\/li>\n<li><strong>Economize energia e \u00e1gua.<\/strong> Pequenas mudan\u00e7as nos h\u00e1bitos di\u00e1rios fazem uma grande diferen\u00e7a.<\/li>\n<li><strong>Plante \u00e1rvores e cuide das \u00e1reas verdes.<\/strong> Cada \u00e1rvore plantada contribui para a purifica\u00e7\u00e3o do ar e a preserva\u00e7\u00e3o da biodiversidade.<\/li>\n<\/ul>\n<p>Neste Dia Mundial do Meio Ambiente, vamos todos refletir sobre nossas responsabilidades e tomar a\u00e7\u00f5es concretas para um futuro mais sustent\u00e1vel. Juntos, podemos fazer a diferen\u00e7a e garantir um planeta saud\u00e1vel e vibrante para as pr\u00f3ximas gera\u00e7\u00f5es.<\/p>\n<p>\ud83c\udf3f <strong>Grupo Lya \u2013 Compromisso com o futuro do nosso planeta!<\/strong><\/p>\n<p>#DiaMundialDoMeioAmbiente #Sustentabilidade #Preserva\u00e7\u00e3o #GrupoLya #MeioAmbiente<\/p>\n","protected":false},"excerpt":{"rendered":"<p>Hoje, no Dia Mundial do Meio Ambiente, o Grupo Lya reafirma seu compromisso com a sustentabilidade e a preserva\u00e7\u00e3o dos recursos naturais. Este dia \u00e9 um chamado global para a a\u00e7\u00e3o, lembrando-nos da import\u00e2ncia de proteger nosso planeta para as gera\u00e7\u00f5es futuras.<\/p>\n","protected":false},"author":2,"featured_media":2097,"comment_status":"closed","ping_status":"open","sticky":false,"template":"","format":"standard","meta":{"_et_pb_use_builder":"","_et_pb_old_content":"","_et_gb_content_width":"","footnotes":""},"categories":[1],"tags":[],"class_list":["post-2096","post","type-post","status-publish","format-standard","has-post-thumbnail","hentry","category-lya-noticias"],"_links":{"self":[{"href":"https:\/\/lya.com.br\/noticias\/wp-json\/wp\/v2\/posts\/2096","targetHints":{"allow":["GET"]}}],"collection":[{"href":"https:\/\/lya.com.br\/noticias\/wp-json\/wp\/v2\/posts"}],"about":[{"href":"https:\/\/lya.com.br\/noticias\/wp-json\/wp\/v2\/types\/post"}],"author":[{"embeddable":true,"href":"https:\/\/lya.com.br\/noticias\/wp-json\/wp\/v2\/users\/2"}],"replies":[{"embeddable":true,"href":"https:\/\/lya.com.br\/noticias\/wp-json\/wp\/v2\/comments?post=2096"}],"version-history":[{"count":1,"href":"https:\/\/lya.com.br\/noticias\/wp-json\/wp\/v2\/posts\/2096\/revisions"}],"predecessor-version":[{"id":2098,"href":"https:\/\/lya.com.br\/noticias\/wp-json\/wp\/v2\/posts\/2096\/revisions\/2098"}],"wp:featuredmedia":[{"embeddable":true,"href":"https:\/\/lya.com.br\/noticias\/wp-json\/wp\/v2\/media\/2097"}],"wp:attachment":[{"href":"https:\/\/lya.com.br\/noticias\/wp-json\/wp\/v2\/media?parent=2096"}],"wp:term":[{"taxonomy":"category","embeddable":true,"href":"https:\/\/lya.com.br\/noticias\/wp-json\/wp\/v2\/categories?post=2096"},{"taxonomy":"post_tag","embeddable":true,"href":"https:\/\/lya.com.br\/noticias\/wp-json\/wp\/v2\/tags?post=2096"}],"curies":[{"name":"wp","href":"https:\/\/api.w.org\/{rel}","templated":true}]}}