{"id":2109,"date":"2024-06-17T19:53:59","date_gmt":"2024-06-17T19:53:59","guid":{"rendered":"https:\/\/lya.com.br\/noticias\/?p=2109"},"modified":"2024-06-17T19:53:59","modified_gmt":"2024-06-17T19:53:59","slug":"dia-do-gestor-ambiental","status":"publish","type":"post","link":"https:\/\/lya.com.br\/noticias\/2024\/06\/17\/dia-do-gestor-ambiental\/","title":{"rendered":"DIA DO GESTOR AMBIENTAL"},"content":{"rendered":"<p>Hoje \u00e9 um dia especial para reconhecer e valorizar o trabalho incans\u00e1vel dos Gestores Ambientais! No Grupo Lya, estamos comprometidos em promover pr\u00e1ticas sustent\u00e1veis e proteger nosso planeta para as gera\u00e7\u00f5es futuras. \ud83c\udf3f\u2728<\/p>\n","protected":false},"excerpt":{"rendered":"<p>Hoje \u00e9 um dia especial para reconhecer e valorizar o trabalho incans\u00e1vel dos Gestores Ambientais! No Grupo Lya, estamos comprometidos em promover pr\u00e1ticas sustent\u00e1veis e proteger nosso planeta para as gera\u00e7\u00f5es futuras. \ud83c\udf3f\u2728<\/p>\n","protected":false},"author":2,"featured_media":2111,"comment_status":"closed","ping_status":"open","sticky":false,"template":"","format":"standard","meta":{"_et_pb_use_builder":"","_et_pb_old_content":"","_et_gb_content_width":"","footnotes":""},"categories":[1],"tags":[],"class_list":["post-2109","post","type-post","status-publish","format-standard","has-post-thumbnail","hentry","category-lya-noticias"],"_links":{"self":[{"href":"https:\/\/lya.com.br\/noticias\/wp-json\/wp\/v2\/posts\/2109","targetHints":{"allow":["GET"]}}],"collection":[{"href":"https:\/\/lya.com.br\/noticias\/wp-json\/wp\/v2\/posts"}],"about":[{"href":"https:\/\/lya.com.br\/noticias\/wp-json\/wp\/v2\/types\/post"}],"author":[{"embeddable":true,"href":"https:\/\/lya.com.br\/noticias\/wp-json\/wp\/v2\/users\/2"}],"replies":[{"embeddable":true,"href":"https:\/\/lya.com.br\/noticias\/wp-json\/wp\/v2\/comments?post=2109"}],"version-history":[{"count":1,"href":"https:\/\/lya.com.br\/noticias\/wp-json\/wp\/v2\/posts\/2109\/revisions"}],"predecessor-version":[{"id":2112,"href":"https:\/\/lya.com.br\/noticias\/wp-json\/wp\/v2\/posts\/2109\/revisions\/2112"}],"wp:featuredmedia":[{"embeddable":true,"href":"https:\/\/lya.com.br\/noticias\/wp-json\/wp\/v2\/media\/2111"}],"wp:attachment":[{"href":"https:\/\/lya.com.br\/noticias\/wp-json\/wp\/v2\/media?parent=2109"}],"wp:term":[{"taxonomy":"category","embeddable":true,"href":"https:\/\/lya.com.br\/noticias\/wp-json\/wp\/v2\/categories?post=2109"},{"taxonomy":"post_tag","embeddable":true,"href":"https:\/\/lya.com.br\/noticias\/wp-json\/wp\/v2\/tags?post=2109"}],"curies":[{"name":"wp","href":"https:\/\/api.w.org\/{rel}","templated":true}]}}