{"id":2113,"date":"2024-06-19T14:52:01","date_gmt":"2024-06-19T14:52:01","guid":{"rendered":"https:\/\/lya.com.br\/noticias\/?p=2113"},"modified":"2024-06-19T14:52:01","modified_gmt":"2024-06-19T14:52:01","slug":"parabens-ribeirao-preto","status":"publish","type":"post","link":"https:\/\/lya.com.br\/noticias\/2024\/06\/19\/parabens-ribeirao-preto\/","title":{"rendered":"PARAB\u00c9NS RIBEIR\u00c3O PRETO"},"content":{"rendered":"<p>Parab\u00e9ns, Ribeir\u00e3o Preto, pelos seus 168 anos de hist\u00f3ria!<\/p>\n<p>O Grupo Lya celebra com orgulho e alegria mais um anivers\u00e1rio dessa cidade incr\u00edvel. Ribeir\u00e3o Preto, com sua rica hist\u00f3ria e constante inova\u00e7\u00e3o, \u00e9 um exemplo de progresso e dinamismo. Estamos honrados em fazer parte dessa trajet\u00f3ria, contribuindo para o desenvolvimento e crescimento cont\u00ednuo da nossa querida cidade.<\/p>\n<p>Neste dia especial, reafirmamos nosso compromisso com a excel\u00eancia, qualidade e dedica\u00e7\u00e3o, sempre buscando superar as expectativas e construir um futuro ainda mais brilhante para todos.<\/p>\n<p>Parab\u00e9ns, Ribeir\u00e3o Preto! Juntos, somos mais fortes.<\/p>\n<p>&nbsp;<\/p>\n","protected":false},"excerpt":{"rendered":"<p>O Grupo Lya celebra com orgulho e alegria mais um anivers\u00e1rio dessa cidade incr\u00edvel. Ribeir\u00e3o Preto, com sua rica hist\u00f3ria e constante inova\u00e7\u00e3o, \u00e9 um exemplo de progresso e dinamismo. Estamos honrados em fazer parte dessa trajet\u00f3ria, contribuindo para o desenvolvimento e crescimento cont\u00ednuo da nossa querida cidade.<\/p>\n","protected":false},"author":2,"featured_media":2114,"comment_status":"closed","ping_status":"open","sticky":false,"template":"","format":"standard","meta":{"_et_pb_use_builder":"","_et_pb_old_content":"","_et_gb_content_width":"","footnotes":""},"categories":[1],"tags":[],"class_list":["post-2113","post","type-post","status-publish","format-standard","has-post-thumbnail","hentry","category-lya-noticias"],"_links":{"self":[{"href":"https:\/\/lya.com.br\/noticias\/wp-json\/wp\/v2\/posts\/2113","targetHints":{"allow":["GET"]}}],"collection":[{"href":"https:\/\/lya.com.br\/noticias\/wp-json\/wp\/v2\/posts"}],"about":[{"href":"https:\/\/lya.com.br\/noticias\/wp-json\/wp\/v2\/types\/post"}],"author":[{"embeddable":true,"href":"https:\/\/lya.com.br\/noticias\/wp-json\/wp\/v2\/users\/2"}],"replies":[{"embeddable":true,"href":"https:\/\/lya.com.br\/noticias\/wp-json\/wp\/v2\/comments?post=2113"}],"version-history":[{"count":1,"href":"https:\/\/lya.com.br\/noticias\/wp-json\/wp\/v2\/posts\/2113\/revisions"}],"predecessor-version":[{"id":2115,"href":"https:\/\/lya.com.br\/noticias\/wp-json\/wp\/v2\/posts\/2113\/revisions\/2115"}],"wp:featuredmedia":[{"embeddable":true,"href":"https:\/\/lya.com.br\/noticias\/wp-json\/wp\/v2\/media\/2114"}],"wp:attachment":[{"href":"https:\/\/lya.com.br\/noticias\/wp-json\/wp\/v2\/media?parent=2113"}],"wp:term":[{"taxonomy":"category","embeddable":true,"href":"https:\/\/lya.com.br\/noticias\/wp-json\/wp\/v2\/categories?post=2113"},{"taxonomy":"post_tag","embeddable":true,"href":"https:\/\/lya.com.br\/noticias\/wp-json\/wp\/v2\/tags?post=2113"}],"curies":[{"name":"wp","href":"https:\/\/api.w.org\/{rel}","templated":true}]}}