{"id":2137,"date":"2024-07-04T01:39:40","date_gmt":"2024-07-04T01:39:40","guid":{"rendered":"https:\/\/lya.com.br\/noticias\/?p=2137"},"modified":"2024-07-04T01:39:40","modified_gmt":"2024-07-04T01:39:40","slug":"dia-nacional-de-combate-a-discriminacao-racial-2","status":"publish","type":"post","link":"https:\/\/lya.com.br\/noticias\/2024\/07\/04\/dia-nacional-de-combate-a-discriminacao-racial-2\/","title":{"rendered":"DIA NACIONAL DE COMBATE \u00c0 DISCRIMINA\u00c7\u00c3O RACIAL"},"content":{"rendered":"<p>Grupo Lya &#8211; Dia Nacional de Combate \u00e0 Discrimina\u00e7\u00e3o Racial<\/p>\n<p>N\u00e3o existe toler\u00e2ncia para o racismo! \u270a\ud83c\udfff<\/p>\n<p>Neste Dia Nacional de Combate \u00e0 Discrimina\u00e7\u00e3o Racial, reafirmamos nosso compromisso com a igualdade, o respeito e a dignidade de todas as pessoas. O racismo n\u00e3o tem lugar na nossa sociedade. Juntos, podemos construir um mundo mais justo e inclusivo.<\/p>\n","protected":false},"excerpt":{"rendered":"<p>Neste Dia Nacional de Combate \u00e0 Discrimina\u00e7\u00e3o Racial, reafirmamos nosso compromisso com a igualdade, o respeito e a dignidade de todas as pessoas. O racismo n\u00e3o tem lugar na nossa sociedade. Juntos, podemos construir um mundo mais justo e inclusivo.<\/p>\n","protected":false},"author":2,"featured_media":2138,"comment_status":"closed","ping_status":"open","sticky":false,"template":"","format":"standard","meta":{"_et_pb_use_builder":"","_et_pb_old_content":"","_et_gb_content_width":"","footnotes":""},"categories":[1],"tags":[],"class_list":["post-2137","post","type-post","status-publish","format-standard","has-post-thumbnail","hentry","category-lya-noticias"],"_links":{"self":[{"href":"https:\/\/lya.com.br\/noticias\/wp-json\/wp\/v2\/posts\/2137","targetHints":{"allow":["GET"]}}],"collection":[{"href":"https:\/\/lya.com.br\/noticias\/wp-json\/wp\/v2\/posts"}],"about":[{"href":"https:\/\/lya.com.br\/noticias\/wp-json\/wp\/v2\/types\/post"}],"author":[{"embeddable":true,"href":"https:\/\/lya.com.br\/noticias\/wp-json\/wp\/v2\/users\/2"}],"replies":[{"embeddable":true,"href":"https:\/\/lya.com.br\/noticias\/wp-json\/wp\/v2\/comments?post=2137"}],"version-history":[{"count":1,"href":"https:\/\/lya.com.br\/noticias\/wp-json\/wp\/v2\/posts\/2137\/revisions"}],"predecessor-version":[{"id":2139,"href":"https:\/\/lya.com.br\/noticias\/wp-json\/wp\/v2\/posts\/2137\/revisions\/2139"}],"wp:featuredmedia":[{"embeddable":true,"href":"https:\/\/lya.com.br\/noticias\/wp-json\/wp\/v2\/media\/2138"}],"wp:attachment":[{"href":"https:\/\/lya.com.br\/noticias\/wp-json\/wp\/v2\/media?parent=2137"}],"wp:term":[{"taxonomy":"category","embeddable":true,"href":"https:\/\/lya.com.br\/noticias\/wp-json\/wp\/v2\/categories?post=2137"},{"taxonomy":"post_tag","embeddable":true,"href":"https:\/\/lya.com.br\/noticias\/wp-json\/wp\/v2\/tags?post=2137"}],"curies":[{"name":"wp","href":"https:\/\/api.w.org\/{rel}","templated":true}]}}