{"id":2164,"date":"2024-07-27T16:06:14","date_gmt":"2024-07-27T16:06:14","guid":{"rendered":"https:\/\/lya.com.br\/noticias\/?p=2164"},"modified":"2024-07-27T16:06:39","modified_gmt":"2024-07-27T16:06:39","slug":"dia-nacional-da-prevencao-de-acidentes-do-trabalho-2","status":"publish","type":"post","link":"https:\/\/lya.com.br\/noticias\/2024\/07\/27\/dia-nacional-da-prevencao-de-acidentes-do-trabalho-2\/","title":{"rendered":"DIA NACIONAL DA PREVEN\u00c7\u00c3O DE ACIDENTES DO TRABALHO"},"content":{"rendered":"<p><strong>Dia Nacional da Preven\u00e7\u00e3o de Acidentes do Trabalho<\/strong><\/p>\n<p>Hoje, no Dia Nacional da Preven\u00e7\u00e3o de Acidentes do Trabalho, refor\u00e7amos nosso compromisso com a seguran\u00e7a e bem-estar de todos os colaboradores. Cada medida preventiva adotada \u00e9 um passo em dire\u00e7\u00e3o a um ambiente de trabalho mais seguro e saud\u00e1vel. Acreditamos que a preven\u00e7\u00e3o \u00e9 a chave para proteger vidas e garantir um futuro melhor para todos.<\/p>\n<p>Juntos, podemos construir um ambiente onde a seguran\u00e7a \u00e9 prioridade e os acidentes s\u00e3o prevenidos. Valorize a vida. Priorize a seguran\u00e7a.<\/p>\n","protected":false},"excerpt":{"rendered":"<p>Hoje, no Dia Nacional da Preven\u00e7\u00e3o de Acidentes do Trabalho, refor\u00e7amos nosso compromisso com a seguran\u00e7a e bem-estar de todos os colaboradores. Cada medida preventiva adotada \u00e9 um passo em dire\u00e7\u00e3o a um ambiente de trabalho mais seguro e saud\u00e1vel. Acreditamos que a preven\u00e7\u00e3o \u00e9 a chave para proteger vidas e garantir um futuro melhor para todos.<\/p>\n","protected":false},"author":2,"featured_media":2165,"comment_status":"closed","ping_status":"open","sticky":false,"template":"","format":"standard","meta":{"_et_pb_use_builder":"","_et_pb_old_content":"","_et_gb_content_width":"","footnotes":""},"categories":[1],"tags":[],"class_list":["post-2164","post","type-post","status-publish","format-standard","has-post-thumbnail","hentry","category-lya-noticias"],"_links":{"self":[{"href":"https:\/\/lya.com.br\/noticias\/wp-json\/wp\/v2\/posts\/2164","targetHints":{"allow":["GET"]}}],"collection":[{"href":"https:\/\/lya.com.br\/noticias\/wp-json\/wp\/v2\/posts"}],"about":[{"href":"https:\/\/lya.com.br\/noticias\/wp-json\/wp\/v2\/types\/post"}],"author":[{"embeddable":true,"href":"https:\/\/lya.com.br\/noticias\/wp-json\/wp\/v2\/users\/2"}],"replies":[{"embeddable":true,"href":"https:\/\/lya.com.br\/noticias\/wp-json\/wp\/v2\/comments?post=2164"}],"version-history":[{"count":1,"href":"https:\/\/lya.com.br\/noticias\/wp-json\/wp\/v2\/posts\/2164\/revisions"}],"predecessor-version":[{"id":2166,"href":"https:\/\/lya.com.br\/noticias\/wp-json\/wp\/v2\/posts\/2164\/revisions\/2166"}],"wp:featuredmedia":[{"embeddable":true,"href":"https:\/\/lya.com.br\/noticias\/wp-json\/wp\/v2\/media\/2165"}],"wp:attachment":[{"href":"https:\/\/lya.com.br\/noticias\/wp-json\/wp\/v2\/media?parent=2164"}],"wp:term":[{"taxonomy":"category","embeddable":true,"href":"https:\/\/lya.com.br\/noticias\/wp-json\/wp\/v2\/categories?post=2164"},{"taxonomy":"post_tag","embeddable":true,"href":"https:\/\/lya.com.br\/noticias\/wp-json\/wp\/v2\/tags?post=2164"}],"curies":[{"name":"wp","href":"https:\/\/api.w.org\/{rel}","templated":true}]}}