{"id":2167,"date":"2024-07-28T14:56:02","date_gmt":"2024-07-28T14:56:02","guid":{"rendered":"https:\/\/lya.com.br\/noticias\/?p=2167"},"modified":"2024-07-28T14:56:02","modified_gmt":"2024-07-28T14:56:02","slug":"dia-mundial-de-luta-contra-as-hepatites-virais","status":"publish","type":"post","link":"https:\/\/lya.com.br\/noticias\/2024\/07\/28\/dia-mundial-de-luta-contra-as-hepatites-virais\/","title":{"rendered":"DIA MUNDIAL DE LUTA CONTRA AS HEPATITES VIRAIS"},"content":{"rendered":"<p><strong>Grupo Lya: Dia Mundial de Luta contra as Hepatites Virais<\/strong><\/p>\n<p>No Dia Mundial de Luta contra as Hepatites Virais, o Grupo Lya reafirma seu compromisso com a sa\u00fade e o bem-estar de todos. A hepatite viral \u00e9 uma doen\u00e7a silenciosa que afeta milh\u00f5es de pessoas em todo o mundo. A preven\u00e7\u00e3o, o diagn\u00f3stico precoce e o tratamento adequado s\u00e3o essenciais para combater essa doen\u00e7a.<\/p>\n<p>Vamos juntos aumentar a conscientiza\u00e7\u00e3o sobre a import\u00e2ncia da vacina\u00e7\u00e3o, do cuidado com a higiene e da realiza\u00e7\u00e3o de exames regulares. A luta contra as hepatites virais come\u00e7a com a informa\u00e7\u00e3o e a a\u00e7\u00e3o.<\/p>\n<p>Proteja-se. Informe-se. Fa\u00e7a parte dessa luta.<\/p>\n<p>&nbsp;<\/p>\n","protected":false},"excerpt":{"rendered":"<p>No Dia Mundial de Luta contra as Hepatites Virais, o Grupo Lya reafirma seu compromisso com a sa\u00fade e o bem-estar de todos. A hepatite viral \u00e9 uma doen\u00e7a silenciosa que afeta milh\u00f5es de pessoas em todo o mundo. A preven\u00e7\u00e3o, o diagn\u00f3stico precoce e o tratamento adequado s\u00e3o essenciais para combater essa doen\u00e7a.<\/p>\n","protected":false},"author":2,"featured_media":2168,"comment_status":"closed","ping_status":"open","sticky":false,"template":"","format":"standard","meta":{"_et_pb_use_builder":"","_et_pb_old_content":"","_et_gb_content_width":"","footnotes":""},"categories":[1],"tags":[],"class_list":["post-2167","post","type-post","status-publish","format-standard","has-post-thumbnail","hentry","category-lya-noticias"],"_links":{"self":[{"href":"https:\/\/lya.com.br\/noticias\/wp-json\/wp\/v2\/posts\/2167","targetHints":{"allow":["GET"]}}],"collection":[{"href":"https:\/\/lya.com.br\/noticias\/wp-json\/wp\/v2\/posts"}],"about":[{"href":"https:\/\/lya.com.br\/noticias\/wp-json\/wp\/v2\/types\/post"}],"author":[{"embeddable":true,"href":"https:\/\/lya.com.br\/noticias\/wp-json\/wp\/v2\/users\/2"}],"replies":[{"embeddable":true,"href":"https:\/\/lya.com.br\/noticias\/wp-json\/wp\/v2\/comments?post=2167"}],"version-history":[{"count":1,"href":"https:\/\/lya.com.br\/noticias\/wp-json\/wp\/v2\/posts\/2167\/revisions"}],"predecessor-version":[{"id":2169,"href":"https:\/\/lya.com.br\/noticias\/wp-json\/wp\/v2\/posts\/2167\/revisions\/2169"}],"wp:featuredmedia":[{"embeddable":true,"href":"https:\/\/lya.com.br\/noticias\/wp-json\/wp\/v2\/media\/2168"}],"wp:attachment":[{"href":"https:\/\/lya.com.br\/noticias\/wp-json\/wp\/v2\/media?parent=2167"}],"wp:term":[{"taxonomy":"category","embeddable":true,"href":"https:\/\/lya.com.br\/noticias\/wp-json\/wp\/v2\/categories?post=2167"},{"taxonomy":"post_tag","embeddable":true,"href":"https:\/\/lya.com.br\/noticias\/wp-json\/wp\/v2\/tags?post=2167"}],"curies":[{"name":"wp","href":"https:\/\/api.w.org\/{rel}","templated":true}]}}