{"id":2210,"date":"2024-08-29T16:20:45","date_gmt":"2024-08-29T16:20:45","guid":{"rendered":"https:\/\/lya.com.br\/noticias\/?p=2210"},"modified":"2024-08-29T16:20:45","modified_gmt":"2024-08-29T16:20:45","slug":"dia-nacional-do-combate-ao-fumo","status":"publish","type":"post","link":"https:\/\/lya.com.br\/noticias\/2024\/08\/29\/dia-nacional-do-combate-ao-fumo\/","title":{"rendered":"DIA NACIONAL DO COMBATE AO FUMO"},"content":{"rendered":"<p>\ud83d\udead No Dia Nacional do Combate ao Fumo, o Grupo Lya renova seu compromisso com a sa\u00fade e o bem-estar de todos. Juntos, podemos criar ambientes livres do tabaco e promover uma vida mais saud\u00e1vel para nossos colaboradores e clientes. Fa\u00e7a parte dessa mudan\u00e7a positiva!<\/p>\n","protected":false},"excerpt":{"rendered":"<p>\ud83d\udead No Dia Nacional do Combate ao Fumo, o Grupo Lya renova seu compromisso com a sa\u00fade e o bem-estar de todos. Juntos, podemos criar ambientes livres do tabaco e promover uma vida mais saud\u00e1vel para nossos colaboradores e clientes. Fa\u00e7a parte dessa mudan\u00e7a positiva!<\/p>\n","protected":false},"author":2,"featured_media":2211,"comment_status":"closed","ping_status":"open","sticky":false,"template":"","format":"standard","meta":{"_et_pb_use_builder":"","_et_pb_old_content":"","_et_gb_content_width":"","footnotes":""},"categories":[1],"tags":[],"class_list":["post-2210","post","type-post","status-publish","format-standard","has-post-thumbnail","hentry","category-lya-noticias"],"_links":{"self":[{"href":"https:\/\/lya.com.br\/noticias\/wp-json\/wp\/v2\/posts\/2210","targetHints":{"allow":["GET"]}}],"collection":[{"href":"https:\/\/lya.com.br\/noticias\/wp-json\/wp\/v2\/posts"}],"about":[{"href":"https:\/\/lya.com.br\/noticias\/wp-json\/wp\/v2\/types\/post"}],"author":[{"embeddable":true,"href":"https:\/\/lya.com.br\/noticias\/wp-json\/wp\/v2\/users\/2"}],"replies":[{"embeddable":true,"href":"https:\/\/lya.com.br\/noticias\/wp-json\/wp\/v2\/comments?post=2210"}],"version-history":[{"count":1,"href":"https:\/\/lya.com.br\/noticias\/wp-json\/wp\/v2\/posts\/2210\/revisions"}],"predecessor-version":[{"id":2212,"href":"https:\/\/lya.com.br\/noticias\/wp-json\/wp\/v2\/posts\/2210\/revisions\/2212"}],"wp:featuredmedia":[{"embeddable":true,"href":"https:\/\/lya.com.br\/noticias\/wp-json\/wp\/v2\/media\/2211"}],"wp:attachment":[{"href":"https:\/\/lya.com.br\/noticias\/wp-json\/wp\/v2\/media?parent=2210"}],"wp:term":[{"taxonomy":"category","embeddable":true,"href":"https:\/\/lya.com.br\/noticias\/wp-json\/wp\/v2\/categories?post=2210"},{"taxonomy":"post_tag","embeddable":true,"href":"https:\/\/lya.com.br\/noticias\/wp-json\/wp\/v2\/tags?post=2210"}],"curies":[{"name":"wp","href":"https:\/\/api.w.org\/{rel}","templated":true}]}}