{"id":2219,"date":"2024-09-03T14:14:10","date_gmt":"2024-09-03T14:14:10","guid":{"rendered":"https:\/\/lya.com.br\/noticias\/?p=2219"},"modified":"2024-09-03T14:14:10","modified_gmt":"2024-09-03T14:14:10","slug":"setembro-amarelo-mes-de-prevencao-ao-suicidio-2","status":"publish","type":"post","link":"https:\/\/lya.com.br\/noticias\/2024\/09\/03\/setembro-amarelo-mes-de-prevencao-ao-suicidio-2\/","title":{"rendered":"SETEMBRO AMARELO | M\u00caS DE PREVEN\u00c7\u00c3O AO SUIC\u00cdDIO"},"content":{"rendered":"<p>\ud83c\udf97\ufe0fSetembro Amarelo &#8211; M\u00eas de Preven\u00e7\u00e3o ao Suic\u00eddio<\/p>\n<p>Acolher o outro \u00e9 um ato de amor. O Setembro Amarelo nos lembra da import\u00e2ncia de estender a m\u00e3o e oferecer apoio a quem precisa. Vamos juntos promover a conscientiza\u00e7\u00e3o e o cuidado com a sa\u00fade mental. Sua atitude pode salvar vidas.\ud83d\udc9b<\/p>\n<p>#SetembroAmarelo #Preven\u00e7\u00e3oAoSuic\u00eddio #Sa\u00fadeMental #Acolhimento #GrupoLya<\/p>\n","protected":false},"excerpt":{"rendered":"<p>Acolher o outro \u00e9 um ato de amor. O Setembro Amarelo nos lembra da import\u00e2ncia de estender a m\u00e3o e oferecer apoio a quem precisa. Vamos juntos promover a conscientiza\u00e7\u00e3o e o cuidado com a sa\u00fade mental. Sua atitude pode salvar vidas.\ud83d\udc9b<\/p>\n","protected":false},"author":2,"featured_media":2220,"comment_status":"closed","ping_status":"open","sticky":false,"template":"","format":"standard","meta":{"_et_pb_use_builder":"","_et_pb_old_content":"","_et_gb_content_width":"","footnotes":""},"categories":[1],"tags":[],"class_list":["post-2219","post","type-post","status-publish","format-standard","has-post-thumbnail","hentry","category-lya-noticias"],"_links":{"self":[{"href":"https:\/\/lya.com.br\/noticias\/wp-json\/wp\/v2\/posts\/2219","targetHints":{"allow":["GET"]}}],"collection":[{"href":"https:\/\/lya.com.br\/noticias\/wp-json\/wp\/v2\/posts"}],"about":[{"href":"https:\/\/lya.com.br\/noticias\/wp-json\/wp\/v2\/types\/post"}],"author":[{"embeddable":true,"href":"https:\/\/lya.com.br\/noticias\/wp-json\/wp\/v2\/users\/2"}],"replies":[{"embeddable":true,"href":"https:\/\/lya.com.br\/noticias\/wp-json\/wp\/v2\/comments?post=2219"}],"version-history":[{"count":1,"href":"https:\/\/lya.com.br\/noticias\/wp-json\/wp\/v2\/posts\/2219\/revisions"}],"predecessor-version":[{"id":2221,"href":"https:\/\/lya.com.br\/noticias\/wp-json\/wp\/v2\/posts\/2219\/revisions\/2221"}],"wp:featuredmedia":[{"embeddable":true,"href":"https:\/\/lya.com.br\/noticias\/wp-json\/wp\/v2\/media\/2220"}],"wp:attachment":[{"href":"https:\/\/lya.com.br\/noticias\/wp-json\/wp\/v2\/media?parent=2219"}],"wp:term":[{"taxonomy":"category","embeddable":true,"href":"https:\/\/lya.com.br\/noticias\/wp-json\/wp\/v2\/categories?post=2219"},{"taxonomy":"post_tag","embeddable":true,"href":"https:\/\/lya.com.br\/noticias\/wp-json\/wp\/v2\/tags?post=2219"}],"curies":[{"name":"wp","href":"https:\/\/api.w.org\/{rel}","templated":true}]}}