{"id":2248,"date":"2024-09-23T20:49:11","date_gmt":"2024-09-23T20:49:11","guid":{"rendered":"https:\/\/lya.com.br\/noticias\/?p=2248"},"modified":"2024-09-23T20:49:11","modified_gmt":"2024-09-23T20:49:11","slug":"dia-internacional-contra-a-exploracao-sexual-e-o-trafico-de-mulheres-e-criancas","status":"publish","type":"post","link":"https:\/\/lya.com.br\/noticias\/2024\/09\/23\/dia-internacional-contra-a-exploracao-sexual-e-o-trafico-de-mulheres-e-criancas\/","title":{"rendered":"DIA INTERNACIONAL CONTRA A EXPLORA\u00c7\u00c3O SEXUAL E O TR\u00c1FICO DE MULHERES E CRIAN\u00c7AS"},"content":{"rendered":"<p>Neste dia, levantamos nossas vozes contra uma das maiores viola\u00e7\u00f5es dos direitos humanos: a explora\u00e7\u00e3o sexual e o tr\u00e1fico de mulheres e crian\u00e7as. \u00c9 hora de agir, educar e conscientizar. Juntos, podemos construir um futuro onde todas as pessoas vivam com dignidade e liberdade. Vamos combater essa realidade e promover a prote\u00e7\u00e3o e o respeito \u00e0 vida!<\/p>\n","protected":false},"excerpt":{"rendered":"<p>Neste dia, levantamos nossas vozes contra uma das maiores viola\u00e7\u00f5es dos direitos humanos: a explora\u00e7\u00e3o sexual e o tr\u00e1fico de mulheres e crian\u00e7as. \u00c9 hora de agir, educar e conscientizar. Juntos, podemos construir um futuro onde todas as pessoas vivam com dignidade e liberdade. Vamos combater essa realidade e promover a prote\u00e7\u00e3o e o respeito \u00e0 vida!<\/p>\n","protected":false},"author":2,"featured_media":2249,"comment_status":"closed","ping_status":"open","sticky":false,"template":"","format":"standard","meta":{"_et_pb_use_builder":"","_et_pb_old_content":"","_et_gb_content_width":"","footnotes":""},"categories":[1],"tags":[],"class_list":["post-2248","post","type-post","status-publish","format-standard","has-post-thumbnail","hentry","category-lya-noticias"],"_links":{"self":[{"href":"https:\/\/lya.com.br\/noticias\/wp-json\/wp\/v2\/posts\/2248","targetHints":{"allow":["GET"]}}],"collection":[{"href":"https:\/\/lya.com.br\/noticias\/wp-json\/wp\/v2\/posts"}],"about":[{"href":"https:\/\/lya.com.br\/noticias\/wp-json\/wp\/v2\/types\/post"}],"author":[{"embeddable":true,"href":"https:\/\/lya.com.br\/noticias\/wp-json\/wp\/v2\/users\/2"}],"replies":[{"embeddable":true,"href":"https:\/\/lya.com.br\/noticias\/wp-json\/wp\/v2\/comments?post=2248"}],"version-history":[{"count":1,"href":"https:\/\/lya.com.br\/noticias\/wp-json\/wp\/v2\/posts\/2248\/revisions"}],"predecessor-version":[{"id":2250,"href":"https:\/\/lya.com.br\/noticias\/wp-json\/wp\/v2\/posts\/2248\/revisions\/2250"}],"wp:featuredmedia":[{"embeddable":true,"href":"https:\/\/lya.com.br\/noticias\/wp-json\/wp\/v2\/media\/2249"}],"wp:attachment":[{"href":"https:\/\/lya.com.br\/noticias\/wp-json\/wp\/v2\/media?parent=2248"}],"wp:term":[{"taxonomy":"category","embeddable":true,"href":"https:\/\/lya.com.br\/noticias\/wp-json\/wp\/v2\/categories?post=2248"},{"taxonomy":"post_tag","embeddable":true,"href":"https:\/\/lya.com.br\/noticias\/wp-json\/wp\/v2\/tags?post=2248"}],"curies":[{"name":"wp","href":"https:\/\/api.w.org\/{rel}","templated":true}]}}