{"id":2281,"date":"2024-10-16T22:13:45","date_gmt":"2024-10-16T22:13:45","guid":{"rendered":"https:\/\/lya.com.br\/noticias\/?p=2281"},"modified":"2024-10-16T22:13:45","modified_gmt":"2024-10-16T22:13:45","slug":"dia-mundial-da-alimentacao-3","status":"publish","type":"post","link":"https:\/\/lya.com.br\/noticias\/2024\/10\/16\/dia-mundial-da-alimentacao-3\/","title":{"rendered":"DIA MUNDIAL DA ALIMENTA\u00c7\u00c3O"},"content":{"rendered":"<p>Dia Mundial da Alimenta\u00e7\u00e3o | 16 de Outubro &#8211; Uma alimenta\u00e7\u00e3o equilibrada \u00e9 o alicerce de uma vida saud\u00e1vel. No Grupo Lya, consideramos que cada refei\u00e7\u00e3o \u00e9 um passo em dire\u00e7\u00e3o a uma vida mais plena e sustent\u00e1vel.<\/p>\n<p>&nbsp;<\/p>\n","protected":false},"excerpt":{"rendered":"<p>Dia Mundial da Alimenta\u00e7\u00e3o | 16 de Outubro &#8211; Uma alimenta\u00e7\u00e3o equilibrada \u00e9 o alicerce de uma vida saud\u00e1vel. No Grupo Lya, consideramos que cada refei\u00e7\u00e3o \u00e9 um passo em dire\u00e7\u00e3o a uma vida mais plena e sustent\u00e1vel.<\/p>\n","protected":false},"author":2,"featured_media":2282,"comment_status":"closed","ping_status":"open","sticky":false,"template":"","format":"standard","meta":{"_et_pb_use_builder":"","_et_pb_old_content":"","_et_gb_content_width":"","footnotes":""},"categories":[1],"tags":[],"class_list":["post-2281","post","type-post","status-publish","format-standard","has-post-thumbnail","hentry","category-lya-noticias"],"_links":{"self":[{"href":"https:\/\/lya.com.br\/noticias\/wp-json\/wp\/v2\/posts\/2281","targetHints":{"allow":["GET"]}}],"collection":[{"href":"https:\/\/lya.com.br\/noticias\/wp-json\/wp\/v2\/posts"}],"about":[{"href":"https:\/\/lya.com.br\/noticias\/wp-json\/wp\/v2\/types\/post"}],"author":[{"embeddable":true,"href":"https:\/\/lya.com.br\/noticias\/wp-json\/wp\/v2\/users\/2"}],"replies":[{"embeddable":true,"href":"https:\/\/lya.com.br\/noticias\/wp-json\/wp\/v2\/comments?post=2281"}],"version-history":[{"count":1,"href":"https:\/\/lya.com.br\/noticias\/wp-json\/wp\/v2\/posts\/2281\/revisions"}],"predecessor-version":[{"id":2283,"href":"https:\/\/lya.com.br\/noticias\/wp-json\/wp\/v2\/posts\/2281\/revisions\/2283"}],"wp:featuredmedia":[{"embeddable":true,"href":"https:\/\/lya.com.br\/noticias\/wp-json\/wp\/v2\/media\/2282"}],"wp:attachment":[{"href":"https:\/\/lya.com.br\/noticias\/wp-json\/wp\/v2\/media?parent=2281"}],"wp:term":[{"taxonomy":"category","embeddable":true,"href":"https:\/\/lya.com.br\/noticias\/wp-json\/wp\/v2\/categories?post=2281"},{"taxonomy":"post_tag","embeddable":true,"href":"https:\/\/lya.com.br\/noticias\/wp-json\/wp\/v2\/tags?post=2281"}],"curies":[{"name":"wp","href":"https:\/\/api.w.org\/{rel}","templated":true}]}}