{"id":2330,"date":"2024-11-20T18:20:42","date_gmt":"2024-11-20T18:20:42","guid":{"rendered":"https:\/\/lya.com.br\/noticias\/?p=2330"},"modified":"2024-11-20T18:20:42","modified_gmt":"2024-11-20T18:20:42","slug":"dia-da-consciencia-negra-2","status":"publish","type":"post","link":"https:\/\/lya.com.br\/noticias\/2024\/11\/20\/dia-da-consciencia-negra-2\/","title":{"rendered":"DIA DA CONSCI\u00caNCIA NEGRA"},"content":{"rendered":"<p><strong>Dia da Consci\u00eancia Negra: Celebrando a Diversidade e a Igualdade<\/strong><\/p>\n<p>No Dia da Consci\u00eancia Negra, o Grupo Lya reafirma seu compromisso com a valoriza\u00e7\u00e3o da diversidade e a promo\u00e7\u00e3o de um ambiente de respeito e inclus\u00e3o. Hoje, celebramos a rica cultura afro-brasileira e as conquistas do povo negro, reconhecendo sua for\u00e7a, hist\u00f3ria e contribui\u00e7\u00e3o para a sociedade. \u270a\ud83c\udffd\ud83c\udf0d<\/p>\n<p>Que esta data nos inspire a continuar quebrando barreiras e a construir um futuro mais justo e igualit\u00e1rio para todos. Juntos, podemos fazer a diferen\u00e7a! \ud83d\udcaa\ud83c\udffd\u2728<\/p>\n<p>&nbsp;<\/p>\n","protected":false},"excerpt":{"rendered":"<p>No Dia da Consci\u00eancia Negra, o Grupo Lya reafirma seu compromisso com a valoriza\u00e7\u00e3o da diversidade e a promo\u00e7\u00e3o de um ambiente de respeito e inclus\u00e3o. Hoje, celebramos a rica cultura afro-brasileira e as conquistas do povo negro, reconhecendo sua for\u00e7a, hist\u00f3ria e contribui\u00e7\u00e3o para a sociedade. \u270a\ud83c\udffd\ud83c\udf0d<\/p>\n","protected":false},"author":2,"featured_media":2331,"comment_status":"closed","ping_status":"open","sticky":false,"template":"","format":"standard","meta":{"_et_pb_use_builder":"","_et_pb_old_content":"","_et_gb_content_width":"","footnotes":""},"categories":[1],"tags":[],"class_list":["post-2330","post","type-post","status-publish","format-standard","has-post-thumbnail","hentry","category-lya-noticias"],"_links":{"self":[{"href":"https:\/\/lya.com.br\/noticias\/wp-json\/wp\/v2\/posts\/2330","targetHints":{"allow":["GET"]}}],"collection":[{"href":"https:\/\/lya.com.br\/noticias\/wp-json\/wp\/v2\/posts"}],"about":[{"href":"https:\/\/lya.com.br\/noticias\/wp-json\/wp\/v2\/types\/post"}],"author":[{"embeddable":true,"href":"https:\/\/lya.com.br\/noticias\/wp-json\/wp\/v2\/users\/2"}],"replies":[{"embeddable":true,"href":"https:\/\/lya.com.br\/noticias\/wp-json\/wp\/v2\/comments?post=2330"}],"version-history":[{"count":1,"href":"https:\/\/lya.com.br\/noticias\/wp-json\/wp\/v2\/posts\/2330\/revisions"}],"predecessor-version":[{"id":2332,"href":"https:\/\/lya.com.br\/noticias\/wp-json\/wp\/v2\/posts\/2330\/revisions\/2332"}],"wp:featuredmedia":[{"embeddable":true,"href":"https:\/\/lya.com.br\/noticias\/wp-json\/wp\/v2\/media\/2331"}],"wp:attachment":[{"href":"https:\/\/lya.com.br\/noticias\/wp-json\/wp\/v2\/media?parent=2330"}],"wp:term":[{"taxonomy":"category","embeddable":true,"href":"https:\/\/lya.com.br\/noticias\/wp-json\/wp\/v2\/categories?post=2330"},{"taxonomy":"post_tag","embeddable":true,"href":"https:\/\/lya.com.br\/noticias\/wp-json\/wp\/v2\/tags?post=2330"}],"curies":[{"name":"wp","href":"https:\/\/api.w.org\/{rel}","templated":true}]}}