{"id":2352,"date":"2024-12-03T22:38:23","date_gmt":"2024-12-03T22:38:23","guid":{"rendered":"https:\/\/lya.com.br\/noticias\/?p=2352"},"modified":"2024-12-03T22:38:23","modified_gmt":"2024-12-03T22:38:23","slug":"dia-internacional-do-portador-de-deficiencia","status":"publish","type":"post","link":"https:\/\/lya.com.br\/noticias\/2024\/12\/03\/dia-internacional-do-portador-de-deficiencia\/","title":{"rendered":"DIA INTERNACIONAL DO PORTADOR DE DEFICI\u00caNCIA"},"content":{"rendered":"<p><strong>03 de Dezembro | Dia Internacional do Portador de Defici\u00eancia<\/strong><\/p>\n<p>Hoje \u00e9 um dia para refletirmos sobre a import\u00e2ncia da inclus\u00e3o, acessibilidade e respeito \u00e0s diferen\u00e7as. No <strong>Grupo Lya<\/strong>, acreditamos que a diversidade \u00e9 uma for\u00e7a e que todos t\u00eam direito de viver e trabalhar em ambientes inclusivos e igualit\u00e1rios.<\/p>\n<p><strong>Vamos juntos construir um futuro mais acess\u00edvel para todos!<\/strong><\/p>\n<p>&nbsp;<\/p>\n","protected":false},"excerpt":{"rendered":"<p>Hoje \u00e9 um dia para refletirmos sobre a import\u00e2ncia da inclus\u00e3o, acessibilidade e respeito \u00e0s diferen\u00e7as. No Grupo Lya, acreditamos que a diversidade \u00e9 uma for\u00e7a e que todos t\u00eam direito de viver e trabalhar em ambientes inclusivos e igualit\u00e1rios.<\/p>\n","protected":false},"author":2,"featured_media":2353,"comment_status":"closed","ping_status":"open","sticky":false,"template":"","format":"standard","meta":{"_et_pb_use_builder":"","_et_pb_old_content":"","_et_gb_content_width":"","footnotes":""},"categories":[1],"tags":[],"class_list":["post-2352","post","type-post","status-publish","format-standard","has-post-thumbnail","hentry","category-lya-noticias"],"_links":{"self":[{"href":"https:\/\/lya.com.br\/noticias\/wp-json\/wp\/v2\/posts\/2352","targetHints":{"allow":["GET"]}}],"collection":[{"href":"https:\/\/lya.com.br\/noticias\/wp-json\/wp\/v2\/posts"}],"about":[{"href":"https:\/\/lya.com.br\/noticias\/wp-json\/wp\/v2\/types\/post"}],"author":[{"embeddable":true,"href":"https:\/\/lya.com.br\/noticias\/wp-json\/wp\/v2\/users\/2"}],"replies":[{"embeddable":true,"href":"https:\/\/lya.com.br\/noticias\/wp-json\/wp\/v2\/comments?post=2352"}],"version-history":[{"count":1,"href":"https:\/\/lya.com.br\/noticias\/wp-json\/wp\/v2\/posts\/2352\/revisions"}],"predecessor-version":[{"id":2354,"href":"https:\/\/lya.com.br\/noticias\/wp-json\/wp\/v2\/posts\/2352\/revisions\/2354"}],"wp:featuredmedia":[{"embeddable":true,"href":"https:\/\/lya.com.br\/noticias\/wp-json\/wp\/v2\/media\/2353"}],"wp:attachment":[{"href":"https:\/\/lya.com.br\/noticias\/wp-json\/wp\/v2\/media?parent=2352"}],"wp:term":[{"taxonomy":"category","embeddable":true,"href":"https:\/\/lya.com.br\/noticias\/wp-json\/wp\/v2\/categories?post=2352"},{"taxonomy":"post_tag","embeddable":true,"href":"https:\/\/lya.com.br\/noticias\/wp-json\/wp\/v2\/tags?post=2352"}],"curies":[{"name":"wp","href":"https:\/\/api.w.org\/{rel}","templated":true}]}}