{"id":2401,"date":"2025-01-01T23:27:44","date_gmt":"2025-01-01T23:27:44","guid":{"rendered":"https:\/\/lya.com.br\/noticias\/?p=2401"},"modified":"2025-01-01T23:27:44","modified_gmt":"2025-01-01T23:27:44","slug":"janeiro-branco-mes-de-conscientizacao-a-saude-mental","status":"publish","type":"post","link":"https:\/\/lya.com.br\/noticias\/2025\/01\/01\/janeiro-branco-mes-de-conscientizacao-a-saude-mental\/","title":{"rendered":"JANEIRO BRANCO &#8211; M\u00caS DE CONSCIENTIZA\u00c7\u00c3O \u00c0 SA\u00daDE MENTAL"},"content":{"rendered":"<p>A sa\u00fade mental \u00e9 essencial para o nosso bem-estar e qualidade de vida. Este Janeiro Branco, o Grupo Lya refor\u00e7a a import\u00e2ncia de cuidar da mente, assim como cuidamos do corpo. Vamos juntos quebrar tabus, falar sobre nossas emo\u00e7\u00f5es e apoiar uns aos outros em busca de um equil\u00edbrio saud\u00e1vel! \ud83c\udf31\ud83d\udcac<\/p>\n<p>Que 2025 seja um ano de mente leve, cuidada e cheia de paz! \ud83c\udf1f\ud83d\udd4a\ufe0f<\/p>\n","protected":false},"excerpt":{"rendered":"<p>A sa\u00fade mental \u00e9 essencial para o nosso bem-estar e qualidade de vida. Este Janeiro Branco, o Grupo Lya refor\u00e7a a import\u00e2ncia de cuidar da mente, assim como cuidamos do corpo. Vamos juntos quebrar tabus, falar sobre nossas emo\u00e7\u00f5es e apoiar uns aos outros em busca de um equil\u00edbrio saud\u00e1vel! \ud83c\udf31\ud83d\udcac<\/p>\n","protected":false},"author":2,"featured_media":2402,"comment_status":"closed","ping_status":"open","sticky":false,"template":"","format":"standard","meta":{"_et_pb_use_builder":"","_et_pb_old_content":"","_et_gb_content_width":"","footnotes":""},"categories":[1],"tags":[],"class_list":["post-2401","post","type-post","status-publish","format-standard","has-post-thumbnail","hentry","category-lya-noticias"],"_links":{"self":[{"href":"https:\/\/lya.com.br\/noticias\/wp-json\/wp\/v2\/posts\/2401","targetHints":{"allow":["GET"]}}],"collection":[{"href":"https:\/\/lya.com.br\/noticias\/wp-json\/wp\/v2\/posts"}],"about":[{"href":"https:\/\/lya.com.br\/noticias\/wp-json\/wp\/v2\/types\/post"}],"author":[{"embeddable":true,"href":"https:\/\/lya.com.br\/noticias\/wp-json\/wp\/v2\/users\/2"}],"replies":[{"embeddable":true,"href":"https:\/\/lya.com.br\/noticias\/wp-json\/wp\/v2\/comments?post=2401"}],"version-history":[{"count":1,"href":"https:\/\/lya.com.br\/noticias\/wp-json\/wp\/v2\/posts\/2401\/revisions"}],"predecessor-version":[{"id":2403,"href":"https:\/\/lya.com.br\/noticias\/wp-json\/wp\/v2\/posts\/2401\/revisions\/2403"}],"wp:featuredmedia":[{"embeddable":true,"href":"https:\/\/lya.com.br\/noticias\/wp-json\/wp\/v2\/media\/2402"}],"wp:attachment":[{"href":"https:\/\/lya.com.br\/noticias\/wp-json\/wp\/v2\/media?parent=2401"}],"wp:term":[{"taxonomy":"category","embeddable":true,"href":"https:\/\/lya.com.br\/noticias\/wp-json\/wp\/v2\/categories?post=2401"},{"taxonomy":"post_tag","embeddable":true,"href":"https:\/\/lya.com.br\/noticias\/wp-json\/wp\/v2\/tags?post=2401"}],"curies":[{"name":"wp","href":"https:\/\/api.w.org\/{rel}","templated":true}]}}