{"id":2431,"date":"2025-01-24T20:22:34","date_gmt":"2025-01-24T20:22:34","guid":{"rendered":"https:\/\/lya.com.br\/noticias\/?p=2431"},"modified":"2025-01-24T20:22:34","modified_gmt":"2025-01-24T20:22:34","slug":"dia-internacional-da-educacao","status":"publish","type":"post","link":"https:\/\/lya.com.br\/noticias\/2025\/01\/24\/dia-internacional-da-educacao\/","title":{"rendered":"DIA INTERNACIONAL DA EDUCA\u00c7\u00c3O"},"content":{"rendered":"<p>24 de Janeiro | Dia Internacional da Educa\u00e7\u00e3o: No Grupo Lya, acreditamos que cada mente educada \u00e9 uma revolu\u00e7\u00e3o em progresso! Investir em educa\u00e7\u00e3o \u00e9 transformar o futuro, impulsionar o desenvolvimento e criar oportunidades para um mundo mais justo e inovador. Vamos juntos construir um amanh\u00e3 mais brilhante!<\/p>\n","protected":false},"excerpt":{"rendered":"<p>24 de Janeiro | Dia Internacional da Educa\u00e7\u00e3o: No Grupo Lya, acreditamos que cada mente educada \u00e9 uma revolu\u00e7\u00e3o em progresso! Investir em educa\u00e7\u00e3o \u00e9 transformar o futuro, impulsionar o desenvolvimento e criar oportunidades para um mundo mais justo e inovador. Vamos juntos construir um amanh\u00e3 mais brilhante!<\/p>\n","protected":false},"author":2,"featured_media":2432,"comment_status":"closed","ping_status":"open","sticky":false,"template":"","format":"standard","meta":{"_et_pb_use_builder":"","_et_pb_old_content":"","_et_gb_content_width":"","footnotes":""},"categories":[1],"tags":[],"class_list":["post-2431","post","type-post","status-publish","format-standard","has-post-thumbnail","hentry","category-lya-noticias"],"_links":{"self":[{"href":"https:\/\/lya.com.br\/noticias\/wp-json\/wp\/v2\/posts\/2431","targetHints":{"allow":["GET"]}}],"collection":[{"href":"https:\/\/lya.com.br\/noticias\/wp-json\/wp\/v2\/posts"}],"about":[{"href":"https:\/\/lya.com.br\/noticias\/wp-json\/wp\/v2\/types\/post"}],"author":[{"embeddable":true,"href":"https:\/\/lya.com.br\/noticias\/wp-json\/wp\/v2\/users\/2"}],"replies":[{"embeddable":true,"href":"https:\/\/lya.com.br\/noticias\/wp-json\/wp\/v2\/comments?post=2431"}],"version-history":[{"count":1,"href":"https:\/\/lya.com.br\/noticias\/wp-json\/wp\/v2\/posts\/2431\/revisions"}],"predecessor-version":[{"id":2433,"href":"https:\/\/lya.com.br\/noticias\/wp-json\/wp\/v2\/posts\/2431\/revisions\/2433"}],"wp:featuredmedia":[{"embeddable":true,"href":"https:\/\/lya.com.br\/noticias\/wp-json\/wp\/v2\/media\/2432"}],"wp:attachment":[{"href":"https:\/\/lya.com.br\/noticias\/wp-json\/wp\/v2\/media?parent=2431"}],"wp:term":[{"taxonomy":"category","embeddable":true,"href":"https:\/\/lya.com.br\/noticias\/wp-json\/wp\/v2\/categories?post=2431"},{"taxonomy":"post_tag","embeddable":true,"href":"https:\/\/lya.com.br\/noticias\/wp-json\/wp\/v2\/tags?post=2431"}],"curies":[{"name":"wp","href":"https:\/\/api.w.org\/{rel}","templated":true}]}}