{"id":2440,"date":"2025-02-01T13:36:26","date_gmt":"2025-02-01T13:36:26","guid":{"rendered":"https:\/\/lya.com.br\/noticias\/?p=2440"},"modified":"2025-02-11T16:36:19","modified_gmt":"2025-02-11T16:36:19","slug":"fevereiro-laranja","status":"publish","type":"post","link":"https:\/\/lya.com.br\/noticias\/2025\/02\/01\/fevereiro-laranja\/","title":{"rendered":"FEVEREIRO LARANJA"},"content":{"rendered":"<p>Neste Fevereiro Laranja, o Grupo Lya refor\u00e7a seu compromisso com a conscientiza\u00e7\u00e3o e a preven\u00e7\u00e3o da leucemia. \ud83d\udc9b Este \u00e9 o momento de buscar informa\u00e7\u00f5es, apoiar quem luta e entender a import\u00e2ncia da detec\u00e7\u00e3o precoce. Juntos, podemos transformar a sa\u00fade e fazer a diferen\u00e7a na vida de muitas pessoas. Vamos unir for\u00e7as por um futuro mais saud\u00e1vel e cheio de esperan\u00e7a!<\/p>\n","protected":false},"excerpt":{"rendered":"<p>Neste Fevereiro Laranja, o Grupo Lya refor\u00e7a seu compromisso com a conscientiza\u00e7\u00e3o e a preven\u00e7\u00e3o da leucemia. \ud83d\udc9b Este \u00e9 o momento de buscar informa\u00e7\u00f5es, apoiar quem luta e entender a import\u00e2ncia da detec\u00e7\u00e3o precoce. Juntos, podemos transformar a sa\u00fade e fazer a diferen\u00e7a na vida de muitas pessoas. Vamos unir for\u00e7as por um futuro mais saud\u00e1vel e cheio de esperan\u00e7a!<\/p>\n","protected":false},"author":2,"featured_media":2441,"comment_status":"closed","ping_status":"open","sticky":false,"template":"","format":"standard","meta":{"_et_pb_use_builder":"","_et_pb_old_content":"","_et_gb_content_width":"","footnotes":""},"categories":[1],"tags":[],"class_list":["post-2440","post","type-post","status-publish","format-standard","has-post-thumbnail","hentry","category-lya-noticias"],"_links":{"self":[{"href":"https:\/\/lya.com.br\/noticias\/wp-json\/wp\/v2\/posts\/2440","targetHints":{"allow":["GET"]}}],"collection":[{"href":"https:\/\/lya.com.br\/noticias\/wp-json\/wp\/v2\/posts"}],"about":[{"href":"https:\/\/lya.com.br\/noticias\/wp-json\/wp\/v2\/types\/post"}],"author":[{"embeddable":true,"href":"https:\/\/lya.com.br\/noticias\/wp-json\/wp\/v2\/users\/2"}],"replies":[{"embeddable":true,"href":"https:\/\/lya.com.br\/noticias\/wp-json\/wp\/v2\/comments?post=2440"}],"version-history":[{"count":2,"href":"https:\/\/lya.com.br\/noticias\/wp-json\/wp\/v2\/posts\/2440\/revisions"}],"predecessor-version":[{"id":2460,"href":"https:\/\/lya.com.br\/noticias\/wp-json\/wp\/v2\/posts\/2440\/revisions\/2460"}],"wp:featuredmedia":[{"embeddable":true,"href":"https:\/\/lya.com.br\/noticias\/wp-json\/wp\/v2\/media\/2441"}],"wp:attachment":[{"href":"https:\/\/lya.com.br\/noticias\/wp-json\/wp\/v2\/media?parent=2440"}],"wp:term":[{"taxonomy":"category","embeddable":true,"href":"https:\/\/lya.com.br\/noticias\/wp-json\/wp\/v2\/categories?post=2440"},{"taxonomy":"post_tag","embeddable":true,"href":"https:\/\/lya.com.br\/noticias\/wp-json\/wp\/v2\/tags?post=2440"}],"curies":[{"name":"wp","href":"https:\/\/api.w.org\/{rel}","templated":true}]}}