{"id":2443,"date":"2025-02-01T13:37:22","date_gmt":"2025-02-01T13:37:22","guid":{"rendered":"https:\/\/lya.com.br\/noticias\/?p=2443"},"modified":"2025-02-11T16:36:01","modified_gmt":"2025-02-11T16:36:01","slug":"fevereiro-roxo-2","status":"publish","type":"post","link":"https:\/\/lya.com.br\/noticias\/2025\/02\/01\/fevereiro-roxo-2\/","title":{"rendered":"FEVEREIRO ROXO"},"content":{"rendered":"<p>Em Fevereiro Roxo, o Grupo Lya se une \u00e0 luta pela conscientiza\u00e7\u00e3o e cuidados sobre Alzheimer, l\u00fapus e fibromialgia. \ud83d\udc9c Este m\u00eas \u00e9 dedicado \u00e0 informa\u00e7\u00e3o, \u00e0 empatia e ao apoio para quem enfrenta essas condi\u00e7\u00f5es desafiadoras. Juntos, podemos promover um futuro mais saud\u00e1vel, com respeito e cuidados adequados. Vamos fazer a diferen\u00e7a na vida daqueles que precisam!<\/p>\n","protected":false},"excerpt":{"rendered":"<p>Em Fevereiro Roxo, o Grupo Lya se une \u00e0 luta pela conscientiza\u00e7\u00e3o e cuidados sobre Alzheimer, l\u00fapus e fibromialgia. \ud83d\udc9c Este m\u00eas \u00e9 dedicado \u00e0 informa\u00e7\u00e3o, \u00e0 empatia e ao apoio para quem enfrenta essas condi\u00e7\u00f5es desafiadoras. Juntos, podemos promover um futuro mais saud\u00e1vel, com respeito e cuidados adequados. Vamos fazer a diferen\u00e7a na vida daqueles que precisam!<\/p>\n","protected":false},"author":2,"featured_media":2444,"comment_status":"closed","ping_status":"open","sticky":false,"template":"","format":"standard","meta":{"_et_pb_use_builder":"","_et_pb_old_content":"","_et_gb_content_width":"","footnotes":""},"categories":[1],"tags":[],"class_list":["post-2443","post","type-post","status-publish","format-standard","has-post-thumbnail","hentry","category-lya-noticias"],"_links":{"self":[{"href":"https:\/\/lya.com.br\/noticias\/wp-json\/wp\/v2\/posts\/2443","targetHints":{"allow":["GET"]}}],"collection":[{"href":"https:\/\/lya.com.br\/noticias\/wp-json\/wp\/v2\/posts"}],"about":[{"href":"https:\/\/lya.com.br\/noticias\/wp-json\/wp\/v2\/types\/post"}],"author":[{"embeddable":true,"href":"https:\/\/lya.com.br\/noticias\/wp-json\/wp\/v2\/users\/2"}],"replies":[{"embeddable":true,"href":"https:\/\/lya.com.br\/noticias\/wp-json\/wp\/v2\/comments?post=2443"}],"version-history":[{"count":2,"href":"https:\/\/lya.com.br\/noticias\/wp-json\/wp\/v2\/posts\/2443\/revisions"}],"predecessor-version":[{"id":2459,"href":"https:\/\/lya.com.br\/noticias\/wp-json\/wp\/v2\/posts\/2443\/revisions\/2459"}],"wp:featuredmedia":[{"embeddable":true,"href":"https:\/\/lya.com.br\/noticias\/wp-json\/wp\/v2\/media\/2444"}],"wp:attachment":[{"href":"https:\/\/lya.com.br\/noticias\/wp-json\/wp\/v2\/media?parent=2443"}],"wp:term":[{"taxonomy":"category","embeddable":true,"href":"https:\/\/lya.com.br\/noticias\/wp-json\/wp\/v2\/categories?post=2443"},{"taxonomy":"post_tag","embeddable":true,"href":"https:\/\/lya.com.br\/noticias\/wp-json\/wp\/v2\/tags?post=2443"}],"curies":[{"name":"wp","href":"https:\/\/api.w.org\/{rel}","templated":true}]}}