{"id":2452,"date":"2025-02-04T13:01:56","date_gmt":"2025-02-04T13:01:56","guid":{"rendered":"https:\/\/lya.com.br\/noticias\/?p=2452"},"modified":"2025-02-04T13:01:56","modified_gmt":"2025-02-04T13:01:56","slug":"dia-mundial-de-combate-ao-cancer-3","status":"publish","type":"post","link":"https:\/\/lya.com.br\/noticias\/2025\/02\/04\/dia-mundial-de-combate-ao-cancer-3\/","title":{"rendered":"DIA MUNDIAL DE COMBATE AO C\u00c2NCER"},"content":{"rendered":"<p>\ud83c\udf97\ufe0f 04 de Fevereiro | Dia Mundial de Combate ao C\u00e2ncer \ud83c\udf97\ufe0f<\/p>\n<p>Hoje \u00e9 um dia de reflex\u00e3o, empatia e conscientiza\u00e7\u00e3o. O combate ao c\u00e2ncer come\u00e7a com preven\u00e7\u00e3o, informa\u00e7\u00e3o e apoio. Pequenas atitudes fazem a diferen\u00e7a!<\/p>\n<p>\ud83d\udc9b Compartilhe uma mensagem de incentivo.<br \/>\n\ud83d\udc99 Apoie quem enfrenta essa batalha.<br \/>\n\ud83d\udc9c Cuide da sua sa\u00fade e fa\u00e7a exames preventivos.<\/p>\n<p>Juntos, podemos espalhar esperan\u00e7a e fortalecer essa luta! \ud83d\udcaa\u2728<\/p>\n","protected":false},"excerpt":{"rendered":"<p>Hoje \u00e9 um dia de reflex\u00e3o, empatia e conscientiza\u00e7\u00e3o. O combate ao c\u00e2ncer come\u00e7a com preven\u00e7\u00e3o, informa\u00e7\u00e3o e apoio. Pequenas atitudes fazem a diferen\u00e7a!<\/p>\n","protected":false},"author":2,"featured_media":2453,"comment_status":"closed","ping_status":"open","sticky":false,"template":"","format":"standard","meta":{"_et_pb_use_builder":"","_et_pb_old_content":"","_et_gb_content_width":"","footnotes":""},"categories":[1],"tags":[],"class_list":["post-2452","post","type-post","status-publish","format-standard","has-post-thumbnail","hentry","category-lya-noticias"],"_links":{"self":[{"href":"https:\/\/lya.com.br\/noticias\/wp-json\/wp\/v2\/posts\/2452","targetHints":{"allow":["GET"]}}],"collection":[{"href":"https:\/\/lya.com.br\/noticias\/wp-json\/wp\/v2\/posts"}],"about":[{"href":"https:\/\/lya.com.br\/noticias\/wp-json\/wp\/v2\/types\/post"}],"author":[{"embeddable":true,"href":"https:\/\/lya.com.br\/noticias\/wp-json\/wp\/v2\/users\/2"}],"replies":[{"embeddable":true,"href":"https:\/\/lya.com.br\/noticias\/wp-json\/wp\/v2\/comments?post=2452"}],"version-history":[{"count":1,"href":"https:\/\/lya.com.br\/noticias\/wp-json\/wp\/v2\/posts\/2452\/revisions"}],"predecessor-version":[{"id":2454,"href":"https:\/\/lya.com.br\/noticias\/wp-json\/wp\/v2\/posts\/2452\/revisions\/2454"}],"wp:featuredmedia":[{"embeddable":true,"href":"https:\/\/lya.com.br\/noticias\/wp-json\/wp\/v2\/media\/2453"}],"wp:attachment":[{"href":"https:\/\/lya.com.br\/noticias\/wp-json\/wp\/v2\/media?parent=2452"}],"wp:term":[{"taxonomy":"category","embeddable":true,"href":"https:\/\/lya.com.br\/noticias\/wp-json\/wp\/v2\/categories?post=2452"},{"taxonomy":"post_tag","embeddable":true,"href":"https:\/\/lya.com.br\/noticias\/wp-json\/wp\/v2\/tags?post=2452"}],"curies":[{"name":"wp","href":"https:\/\/api.w.org\/{rel}","templated":true}]}}