{"id":2456,"date":"2025-02-11T16:35:35","date_gmt":"2025-02-11T16:35:35","guid":{"rendered":"https:\/\/lya.com.br\/noticias\/?p=2456"},"modified":"2025-02-11T16:35:35","modified_gmt":"2025-02-11T16:35:35","slug":"dia-do-zelador","status":"publish","type":"post","link":"https:\/\/lya.com.br\/noticias\/2025\/02\/11\/dia-do-zelador\/","title":{"rendered":"DIA DO ZELADOR"},"content":{"rendered":"<p><strong>Grupo Lya: Valorizando Quem Cuida de N\u00f3s!<\/strong><\/p>\n<p>Hoje, celebramos aqueles que garantem a organiza\u00e7\u00e3o, seguran\u00e7a e bem-estar dos ambientes em que vivemos e trabalhamos. O zelador, mais do que um profissional, \u00e9 o guardi\u00e3o da nossa tranquilidade. Seu trabalho incans\u00e1vel merece todo o nosso respeito e reconhecimento.<\/p>\n<p>\ud83d\udc9b Parab\u00e9ns a todos os zeladores pelo seu compromisso e dedica\u00e7\u00e3o!<\/p>\n","protected":false},"excerpt":{"rendered":"<p>Hoje, celebramos aqueles que garantem a organiza\u00e7\u00e3o, seguran\u00e7a e bem-estar dos ambientes em que vivemos e trabalhamos. O zelador, mais do que um profissional, \u00e9 o guardi\u00e3o da nossa tranquilidade. Seu trabalho incans\u00e1vel merece todo o nosso respeito e reconhecimento.<\/p>\n","protected":false},"author":2,"featured_media":2457,"comment_status":"closed","ping_status":"open","sticky":false,"template":"","format":"standard","meta":{"_et_pb_use_builder":"","_et_pb_old_content":"","_et_gb_content_width":"","footnotes":""},"categories":[1],"tags":[],"class_list":["post-2456","post","type-post","status-publish","format-standard","has-post-thumbnail","hentry","category-lya-noticias"],"_links":{"self":[{"href":"https:\/\/lya.com.br\/noticias\/wp-json\/wp\/v2\/posts\/2456","targetHints":{"allow":["GET"]}}],"collection":[{"href":"https:\/\/lya.com.br\/noticias\/wp-json\/wp\/v2\/posts"}],"about":[{"href":"https:\/\/lya.com.br\/noticias\/wp-json\/wp\/v2\/types\/post"}],"author":[{"embeddable":true,"href":"https:\/\/lya.com.br\/noticias\/wp-json\/wp\/v2\/users\/2"}],"replies":[{"embeddable":true,"href":"https:\/\/lya.com.br\/noticias\/wp-json\/wp\/v2\/comments?post=2456"}],"version-history":[{"count":1,"href":"https:\/\/lya.com.br\/noticias\/wp-json\/wp\/v2\/posts\/2456\/revisions"}],"predecessor-version":[{"id":2458,"href":"https:\/\/lya.com.br\/noticias\/wp-json\/wp\/v2\/posts\/2456\/revisions\/2458"}],"wp:featuredmedia":[{"embeddable":true,"href":"https:\/\/lya.com.br\/noticias\/wp-json\/wp\/v2\/media\/2457"}],"wp:attachment":[{"href":"https:\/\/lya.com.br\/noticias\/wp-json\/wp\/v2\/media?parent=2456"}],"wp:term":[{"taxonomy":"category","embeddable":true,"href":"https:\/\/lya.com.br\/noticias\/wp-json\/wp\/v2\/categories?post=2456"},{"taxonomy":"post_tag","embeddable":true,"href":"https:\/\/lya.com.br\/noticias\/wp-json\/wp\/v2\/tags?post=2456"}],"curies":[{"name":"wp","href":"https:\/\/api.w.org\/{rel}","templated":true}]}}