{"id":2508,"date":"2025-03-21T19:05:00","date_gmt":"2025-03-21T19:05:00","guid":{"rendered":"https:\/\/lya.com.br\/noticias\/?p=2508"},"modified":"2025-03-21T19:05:00","modified_gmt":"2025-03-21T19:05:00","slug":"dia-internacional-contra-discriminacao-racial","status":"publish","type":"post","link":"https:\/\/lya.com.br\/noticias\/2025\/03\/21\/dia-internacional-contra-discriminacao-racial\/","title":{"rendered":"DIA INTERNACIONAL CONTRA DISCRIMINA\u00c7\u00c3O RACIAL"},"content":{"rendered":"<p>\u270a\ud83c\udffd Diga N\u00c3O \u00e0 Discrimina\u00e7\u00e3o Racial! \u270a\ud83c\udfff<\/p>\n<p>No Dia Internacional Contra a Discrimina\u00e7\u00e3o Racial, reafirmamos nosso compromisso por uma sociedade mais justa e igualit\u00e1ria. Respeito, inclus\u00e3o e diversidade n\u00e3o s\u00e3o op\u00e7\u00f5es, s\u00e3o direitos!<\/p>\n<p>A mudan\u00e7a come\u00e7a com cada um de n\u00f3s. Juntos, podemos construir um mundo sem racismo!<\/p>\n<p>Grupo Lya \u2013 Unidos pela igualdade!<\/p>\n","protected":false},"excerpt":{"rendered":"<p>No Dia Internacional Contra a Discrimina\u00e7\u00e3o Racial, reafirmamos nosso compromisso por uma sociedade mais justa e igualit\u00e1ria. Respeito, inclus\u00e3o e diversidade n\u00e3o s\u00e3o op\u00e7\u00f5es, s\u00e3o direitos!<\/p>\n","protected":false},"author":2,"featured_media":2509,"comment_status":"closed","ping_status":"open","sticky":false,"template":"","format":"standard","meta":{"_et_pb_use_builder":"","_et_pb_old_content":"","_et_gb_content_width":"","footnotes":""},"categories":[1],"tags":[],"class_list":["post-2508","post","type-post","status-publish","format-standard","has-post-thumbnail","hentry","category-lya-noticias"],"_links":{"self":[{"href":"https:\/\/lya.com.br\/noticias\/wp-json\/wp\/v2\/posts\/2508","targetHints":{"allow":["GET"]}}],"collection":[{"href":"https:\/\/lya.com.br\/noticias\/wp-json\/wp\/v2\/posts"}],"about":[{"href":"https:\/\/lya.com.br\/noticias\/wp-json\/wp\/v2\/types\/post"}],"author":[{"embeddable":true,"href":"https:\/\/lya.com.br\/noticias\/wp-json\/wp\/v2\/users\/2"}],"replies":[{"embeddable":true,"href":"https:\/\/lya.com.br\/noticias\/wp-json\/wp\/v2\/comments?post=2508"}],"version-history":[{"count":1,"href":"https:\/\/lya.com.br\/noticias\/wp-json\/wp\/v2\/posts\/2508\/revisions"}],"predecessor-version":[{"id":2510,"href":"https:\/\/lya.com.br\/noticias\/wp-json\/wp\/v2\/posts\/2508\/revisions\/2510"}],"wp:featuredmedia":[{"embeddable":true,"href":"https:\/\/lya.com.br\/noticias\/wp-json\/wp\/v2\/media\/2509"}],"wp:attachment":[{"href":"https:\/\/lya.com.br\/noticias\/wp-json\/wp\/v2\/media?parent=2508"}],"wp:term":[{"taxonomy":"category","embeddable":true,"href":"https:\/\/lya.com.br\/noticias\/wp-json\/wp\/v2\/categories?post=2508"},{"taxonomy":"post_tag","embeddable":true,"href":"https:\/\/lya.com.br\/noticias\/wp-json\/wp\/v2\/tags?post=2508"}],"curies":[{"name":"wp","href":"https:\/\/api.w.org\/{rel}","templated":true}]}}