{"id":3261,"date":"2026-08-29T09:00:18","date_gmt":"2026-08-29T09:00:18","guid":{"rendered":"https:\/\/lya.com.br\/noticias\/?p=3261"},"modified":"2026-08-26T14:13:07","modified_gmt":"2026-08-26T14:13:07","slug":"dia-nacional-de-combate-ao-fumo","status":"publish","type":"post","link":"https:\/\/lya.com.br\/noticias\/2026\/08\/29\/dia-nacional-de-combate-ao-fumo\/","title":{"rendered":"DIA NACIONAL DE COMBATE AO FUMO"},"content":{"rendered":"<p data-path-to-node=\"1\">Neste <b data-path-to-node=\"1\" data-index-in-node=\"6\">29 de Agosto<\/b>, o <b data-path-to-node=\"1\" data-index-in-node=\"22\">Grupo Lya<\/b> apoia o <b data-path-to-node=\"1\" data-index-in-node=\"40\">Dia Nacional do Combate ao Fumo<\/b>, refor\u00e7ando a import\u00e2ncia do cuidado com a sa\u00fade de todos os colaboradores, parceiros e da comunidade em geral.<\/p>\n<p data-path-to-node=\"2\">Cada escolha conta. Apagar esse h\u00e1bito \u00e9 acender novas oportunidades para o seu futuro e garantir um ambiente mais limpo, seguro e saud\u00e1vel para quem est\u00e1 ao seu lado.<\/p>\n<p data-path-to-node=\"3\">Pela sua vida e por quem voc\u00ea ama, diga n\u00e3o ao fumo! \ud83e\udec0\ud83e\udd1d<\/p>\n","protected":false},"excerpt":{"rendered":"<p>Neste 29 de Agosto, o Grupo Lya apoia o Dia Nacional do Combate ao Fumo, refor\u00e7ando a import\u00e2ncia do cuidado com a sa\u00fade de todos os colaboradores, parceiros e da comunidade em geral.<\/p>\n","protected":false},"author":2,"featured_media":3262,"comment_status":"closed","ping_status":"open","sticky":false,"template":"","format":"standard","meta":{"_et_pb_use_builder":"","_et_pb_old_content":"","_et_gb_content_width":"","footnotes":""},"categories":[1],"tags":[],"class_list":["post-3261","post","type-post","status-publish","format-standard","has-post-thumbnail","hentry","category-lya-noticias"],"_links":{"self":[{"href":"https:\/\/lya.com.br\/noticias\/wp-json\/wp\/v2\/posts\/3261","targetHints":{"allow":["GET"]}}],"collection":[{"href":"https:\/\/lya.com.br\/noticias\/wp-json\/wp\/v2\/posts"}],"about":[{"href":"https:\/\/lya.com.br\/noticias\/wp-json\/wp\/v2\/types\/post"}],"author":[{"embeddable":true,"href":"https:\/\/lya.com.br\/noticias\/wp-json\/wp\/v2\/users\/2"}],"replies":[{"embeddable":true,"href":"https:\/\/lya.com.br\/noticias\/wp-json\/wp\/v2\/comments?post=3261"}],"version-history":[{"count":1,"href":"https:\/\/lya.com.br\/noticias\/wp-json\/wp\/v2\/posts\/3261\/revisions"}],"predecessor-version":[{"id":3263,"href":"https:\/\/lya.com.br\/noticias\/wp-json\/wp\/v2\/posts\/3261\/revisions\/3263"}],"wp:featuredmedia":[{"embeddable":true,"href":"https:\/\/lya.com.br\/noticias\/wp-json\/wp\/v2\/media\/3262"}],"wp:attachment":[{"href":"https:\/\/lya.com.br\/noticias\/wp-json\/wp\/v2\/media?parent=3261"}],"wp:term":[{"taxonomy":"category","embeddable":true,"href":"https:\/\/lya.com.br\/noticias\/wp-json\/wp\/v2\/categories?post=3261"},{"taxonomy":"post_tag","embeddable":true,"href":"https:\/\/lya.com.br\/noticias\/wp-json\/wp\/v2\/tags?post=3261"}],"curies":[{"name":"wp","href":"https:\/\/api.w.org\/{rel}","templated":true}]}}