{"id":3274,"date":"2026-09-01T13:13:57","date_gmt":"2026-09-01T13:13:57","guid":{"rendered":"https:\/\/lya.com.br\/noticias\/?p=3274"},"modified":"2026-09-01T13:13:57","modified_gmt":"2026-09-01T13:13:57","slug":"setembro-amarelo-3","status":"publish","type":"post","link":"https:\/\/lya.com.br\/noticias\/2026\/09\/01\/setembro-amarelo-3\/","title":{"rendered":"SETEMBRO AMARELO"},"content":{"rendered":"<p data-path-to-node=\"0\"><span dir=\"auto\">Falar \u00e9 a melhor forma de cuidar. A vida \u00e9 o bem mais precioso que temos, e reconhecer a import\u00e2ncia de ouvir, acolher e apoiar quem est\u00e1 ao nosso redor pode fazer toda a diferen\u00e7a.<\/span><\/p>\n<p data-path-to-node=\"1\"><span dir=\"auto\">Muitas vezes, gestos simples de aten\u00e7\u00e3o e empatia oferecem a for\u00e7a necess\u00e1ria para que algu\u00e9m continue caminhando. Fique atento aos sinais, estenda a m\u00e3o, promova um espa\u00e7o seguro para o di\u00e1logo e lembre-se: pedir ajuda \u00e9 um ato de coragem, e ningu\u00e9m precisa passar por momentos dif\u00edceis sozinho.<\/span><\/p>\n<p data-path-to-node=\"2\"><span dir=\"auto\">N\u00f3s, do <\/span><b data-path-to-node=\"2\" data-index-in-node=\"8\"><span dir=\"auto\">Grupo Lya<\/span><\/b><span dir=\"auto\">, apoiamos essa causa. Valorize a vida, espalhe empatia e fa\u00e7a a diferen\u00e7a todos os dias. \ud83d\udc9b<\/span><\/p>\n<p data-path-to-node=\"3\"><span dir=\"auto\">Se voc\u00ea ou algu\u00e9m que voc\u00ea conhece precisa de apoio emocional, o Centro de Valoriza\u00e7\u00e3o da Vida (CVV) realiza atendimento gratuito e confidencial pelo telefone <\/span><b data-path-to-node=\"3\" data-index-in-node=\"159\"><span dir=\"auto\">188<\/span><\/b><span dir=\"auto\"> ou pelo site <\/span><b data-path-to-node=\"3\" data-index-in-node=\"176\"><span dir=\"auto\">cvv.org.br<\/span><\/b><span dir=\"auto\">.<\/span><\/p>\n","protected":false},"excerpt":{"rendered":"<p>Muitas vezes, gestos simples de aten\u00e7\u00e3o e empatia oferecem a for\u00e7a necess\u00e1ria para que algu\u00e9m continue caminhando. Fique atento aos sinais, estenda a m\u00e3o, promova um espa\u00e7o seguro para o di\u00e1logo e lembre-se: pedir ajuda \u00e9 um ato de coragem, e ningu\u00e9m precisa passar por momentos dif\u00edceis sozinho.<\/p>\n","protected":false},"author":2,"featured_media":3275,"comment_status":"closed","ping_status":"open","sticky":false,"template":"","format":"standard","meta":{"_et_pb_use_builder":"","_et_pb_old_content":"","_et_gb_content_width":"","footnotes":""},"categories":[1],"tags":[],"class_list":["post-3274","post","type-post","status-publish","format-standard","has-post-thumbnail","hentry","category-lya-noticias"],"_links":{"self":[{"href":"https:\/\/lya.com.br\/noticias\/wp-json\/wp\/v2\/posts\/3274","targetHints":{"allow":["GET"]}}],"collection":[{"href":"https:\/\/lya.com.br\/noticias\/wp-json\/wp\/v2\/posts"}],"about":[{"href":"https:\/\/lya.com.br\/noticias\/wp-json\/wp\/v2\/types\/post"}],"author":[{"embeddable":true,"href":"https:\/\/lya.com.br\/noticias\/wp-json\/wp\/v2\/users\/2"}],"replies":[{"embeddable":true,"href":"https:\/\/lya.com.br\/noticias\/wp-json\/wp\/v2\/comments?post=3274"}],"version-history":[{"count":1,"href":"https:\/\/lya.com.br\/noticias\/wp-json\/wp\/v2\/posts\/3274\/revisions"}],"predecessor-version":[{"id":3276,"href":"https:\/\/lya.com.br\/noticias\/wp-json\/wp\/v2\/posts\/3274\/revisions\/3276"}],"wp:featuredmedia":[{"embeddable":true,"href":"https:\/\/lya.com.br\/noticias\/wp-json\/wp\/v2\/media\/3275"}],"wp:attachment":[{"href":"https:\/\/lya.com.br\/noticias\/wp-json\/wp\/v2\/media?parent=3274"}],"wp:term":[{"taxonomy":"category","embeddable":true,"href":"https:\/\/lya.com.br\/noticias\/wp-json\/wp\/v2\/categories?post=3274"},{"taxonomy":"post_tag","embeddable":true,"href":"https:\/\/lya.com.br\/noticias\/wp-json\/wp\/v2\/tags?post=3274"}],"curies":[{"name":"wp","href":"https:\/\/api.w.org\/{rel}","templated":true}]}}